{"id":3733,"date":"2022-05-04T15:41:26","date_gmt":"2022-05-04T18:41:26","guid":{"rendered":"https:\/\/www.noorskin.com.br\/blog\/?p=3733"},"modified":"2025-04-04T17:15:39","modified_gmt":"2025-04-04T20:15:39","slug":"ciclo-circadiano-da-pele","status":"publish","type":"post","link":"https:\/\/www.noorskin.com.br\/blog\/ciclo-circadiano-da-pele\/","title":{"rendered":"Ciclo circadiano da pele: o que acontece ao longo de 24h?"},"content":{"rendered":"<div class=\"wpb-content-wrapper\"><p>[vc_row][vc_column][vc_column_text css=&#8221;&#8221;]<\/p>\n<h2>O que \u00e9 o ciclo circadiano?<\/h2>\n<p><span style=\"font-weight: 400;\">O ciclo circadiano ou ritmo circadiano compreende o per\u00edodo de 24 horas (dia e noite) e \u00e9 respons\u00e1vel pelo metabolismo e pelo comportamento fisiol\u00f3gico, fazendo com que todas as c\u00e9lulas do organismo funcionem de maneira otimizada.<\/span><\/p>\n<p><span style=\"font-weight: 400;\">Influenciado pela luz e pela escurid\u00e3o, o c\u00e9rebro recebe diferentes est\u00edmulos que interferem na produ\u00e7\u00e3o de horm\u00f4nios, como o cortisol, a <\/span><a href=\"https:\/\/www.essentialnutrition.com.br\/conteudos\/melatonina\/?utm_source=blog&amp;utm_medium=link&amp;utm_campaign=externo&amp;utm_term=ciclo-circadiano-da-pele&amp;utm_content=melatonina\" target=\"_blank\" rel=\"noopener\"><span style=\"font-weight: 400;\">melatonina<\/span><\/a><span style=\"font-weight: 400;\"> e a insulina, na altera\u00e7\u00e3o da temperatura corporal e na regula\u00e7\u00e3o do metabolismo.<\/span><\/p>\n<h2>Quem regula o ciclo circadiano?<\/h2>\n<p><span style=\"font-weight: 400;\">O ciclo circadiano \u00e9 regulado pelo hipot\u00e1lamo, localizado no centro do c\u00e9rebro. A presen\u00e7a de luz, seja natural ou artificial, \u00e9 captada pela retina, que envia sinais para o n\u00facleo supraquiasm\u00e1tico (<\/span><span style=\"font-weight: 400;\">conhecido como rel\u00f3gio biol\u00f3gico)<\/span><span style=\"font-weight: 400;\"> e, posteriormente, para a gl\u00e2ndula pineal. Esse est\u00edmulo faz com que a produ\u00e7\u00e3o e libera\u00e7\u00e3o de melatonina, tamb\u00e9m conhecida como \u201chorm\u00f4nio do sono\u201d, seja encerrada, levando ao despertar.<\/span><\/p>\n<p><span style=\"font-weight: 400;\">Por outro lado, na aus\u00eancia de luz (escurid\u00e3o), o n\u00facleo supraquiasm\u00e1tico envia o recado para que a produ\u00e7\u00e3o e libera\u00e7\u00e3o de melatonina seja iniciada, induzindo ao sono.\u00a0<\/span><\/p>\n<p><span style=\"font-weight: 400;\"><img loading=\"lazy\" decoding=\"async\" class=\"alignnone size-full wp-image-5147\" src=\"https:\/\/www.noorskin.com.br\/blog\/wp-content\/uploads\/2022\/05\/Infografico-producao-de-melatonina.png\" alt=\"\" width=\"1155\" height=\"1080\" srcset=\"https:\/\/www.noorskin.com.br\/blog\/wp-content\/uploads\/2022\/05\/Infografico-producao-de-melatonina.png 1155w, https:\/\/www.noorskin.com.br\/blog\/wp-content\/uploads\/2022\/05\/Infografico-producao-de-melatonina-600x561.png 600w\" sizes=\"auto, (max-width: 1155px) 100vw, 1155px\" \/>E assim se estabelece o ciclo sono e vig\u00edlia. \u00c9 por isso que abrir as cortinas e deixar a luz entrar no quarto pela manh\u00e3 auxilia a acordar, enquanto um quarto mais escuro \u00e0 noite e sem o est\u00edmulo de luzes artificiais contribui para o adormecer e para um <\/span><a href=\"https:\/\/www.essentialnutrition.com.br\/conteudos\/como-regular-o-sono\/?utm_source=blog&amp;utm_medium=link&amp;utm_campaign=externo&amp;utm_term=ciclo-circadiano-da-pele&amp;utm_content=como-regular-o-sono\" target=\"_blank\" rel=\"noopener\"><span style=\"font-weight: 400;\">sono<\/span><\/a><span style=\"font-weight: 400;\"> de qualidade.<\/span><\/p>\n<p><span style=\"font-weight: 400;\">A luz tamb\u00e9m responde pela produ\u00e7\u00e3o de outro horm\u00f4nio, o cortisol. Por meio dela, o c\u00e9rebro envia sinais para que as gl\u00e2ndulas suprarrenais aumentem a produ\u00e7\u00e3o de cortisol, respons\u00e1vel por despertar e deixar o corpo mais alerta.<\/span><\/p>\n<h2>Qual a sua import\u00e2ncia para o organismo?<\/h2>\n<p><span style=\"font-weight: 400;\">Como respons\u00e1vel por regular as atividades do corpo durante o dia e a noite, o ciclo circadiano influencia:<\/span><\/p>\n<ul>\n<li style=\"font-weight: 400;\" aria-level=\"1\"><span style=\"font-weight: 400;\">na press\u00e3o arterial;<\/span><\/li>\n<li style=\"font-weight: 400;\" aria-level=\"1\"><span style=\"font-weight: 400;\">no estado de alerta, no hor\u00e1rio e na qualidade do sono;<\/span><\/li>\n<li style=\"font-weight: 400;\" aria-level=\"1\"><span style=\"font-weight: 400;\">na temperatura corporal;<\/span><\/li>\n<li style=\"font-weight: 400;\" aria-level=\"1\"><span style=\"font-weight: 400;\">na libera\u00e7\u00e3o de horm\u00f4nios, como a melatonina, o cortisol e a insulina;<\/span><\/li>\n<li style=\"font-weight: 400;\" aria-level=\"1\"><span style=\"font-weight: 400;\">no metabolismo;<\/span><\/li>\n<li style=\"font-weight: 400;\" aria-level=\"1\"><span style=\"font-weight: 400;\">no apetite (regula\u00e7\u00e3o dos n\u00edveis de grelina e leptina);<\/span><\/li>\n<li style=\"font-weight: 400;\" aria-level=\"1\"><span style=\"font-weight: 400;\">na constru\u00e7\u00e3o de um sistema imunol\u00f3gico mais saud\u00e1vel;<\/span><\/li>\n<li style=\"font-weight: 400;\" aria-level=\"1\"><span style=\"font-weight: 400;\">na resposta do corpo a doen\u00e7as inflamat\u00f3rias;<\/span><\/li>\n<li style=\"font-weight: 400;\" aria-level=\"1\"><span style=\"font-weight: 400;\">na <\/span><a href=\"https:\/\/essentia.com.br\/conteudos\/como-melhorar-a-memoria\/?utm_source=blog&amp;utm_medium=link&amp;utm_campaign=externo&amp;utm_term=ciclo-circadiano-da-pele&amp;utm_content=como-melhorar-a-memoria\" target=\"_blank\" rel=\"noopener\"><span style=\"font-weight: 400;\">mem\u00f3ria<\/span><\/a><span style=\"font-weight: 400;\"> e no humor.<\/span><\/li>\n<\/ul>\n<h2>O sono da beleza realmente existe?<\/h2>\n<p><span style=\"font-weight: 400;\">Sim. O sono da beleza n\u00e3o se trata de um mito. Uma noite bem dormida \u00e9 capaz de regenerar o corpo por inteiro e trazer diversos benef\u00edcios para a sa\u00fade, inclusive para a pele.<\/span><\/p>\n<p><span style=\"font-weight: 400;\">Isso porque, durante \u00e0 noite, a pele passa por um processo de regenera\u00e7\u00e3o e repara\u00e7\u00e3o celular, respons\u00e1vel por devolver sua luminosidade e melhorar seu aspecto.<\/span><\/p>\n<p><span style=\"font-weight: 400;\">Al\u00e9m disso, um <\/span><a href=\"https:\/\/www.nature.com\/articles\/s41556-019-0441-z?utm_source=blog&amp;utm_medium=link&amp;utm_campaign=externo&amp;utm_term=ciclo-circadiano-da-pele&amp;utm_content=estudo\" target=\"_blank\" rel=\"noopener\"><span style=\"font-weight: 400;\">estudo<\/span><\/a><span style=\"font-weight: 400;\"> publicado no peri\u00f3dico <\/span><i><span style=\"font-weight: 400;\">Nature Cell Biology <\/span><\/i><span style=\"font-weight: 400;\">aponta que o ciclo circadiano regulado \u00e9 capaz de reabastecer as fibras de <\/span><a href=\"https:\/\/www.essentialnutrition.com.br\/conteudos\/colageno-para-pele\/?utm_source=blog&amp;utm_medium=link&amp;utm_campaign=externo&amp;utm_term=ciclo-circadiano-da-pele&amp;utm_content=colageno-para-pele\" target=\"_blank\" rel=\"noopener\"><span style=\"font-weight: 400;\">col\u00e1geno<\/span><\/a><span style=\"font-weight: 400;\"> perdidas. Esse processo protege as partes permanentes da matriz (fibras mais grossas), contribuindo para a manuten\u00e7\u00e3o do col\u00e1geno ao longo da vida.<\/span><\/p>\n<p><span style=\"font-weight: 400;\">O col\u00e1geno \u00e9 uma prote\u00edna fundamental para a sustenta\u00e7\u00e3o, resist\u00eancia e elasticidade de diversas partes do corpo, entre elas a pele, os ossos, as articula\u00e7\u00f5es e at\u00e9 mesmo o <\/span><a href=\"https:\/\/www.essentialnutrition.com.br\/conteudos\/colageno-ajuda-no-intestino\/?utm_source=blog&amp;utm_medium=link&amp;utm_campaign=externo&amp;utm_term=ciclo-circadiano-da-pele&amp;utm_content=colageno-ajuda-no-intestino\" target=\"_blank\" rel=\"noopener\"><span style=\"font-weight: 400;\">intestino<\/span><\/a><span style=\"font-weight: 400;\">.<\/span><\/p>\n<h2>Como funciona o ciclo circadiano da pele?<\/h2>\n<p><span style=\"font-weight: 400;\">Embora o ciclo circadiano seja regulado pelo n\u00facleo supraquiasm\u00e1tico, a pele, por ser o maior \u00f3rg\u00e3o de contato com o ambiente externo, apresenta osciladores perif\u00e9ricos para a regula\u00e7\u00e3o de processos locais de acordo com os est\u00edmulos recebidos (<a href=\"https:\/\/www.noorskin.com.br\/blog\/efeitos-da-poluicao-e-radiacao-na-pele\/?utm_source=blog&amp;utm_medium=link&amp;utm_campaign=interno&amp;utm_term=ciclo-circadiano-da-pele&amp;utm_content=efeitos-da-poluicao-e-radiacao-na-pele\" target=\"_blank\" rel=\"noopener\">polui\u00e7\u00e3o, radia\u00e7\u00e3o solar<\/a> e oscila\u00e7\u00f5es de temperatura).<\/span><\/p>\n<p><span style=\"font-weight: 400;\">Logo, assim como o corpo est\u00e1 sujeito ao ciclo dia e noite, a pele tamb\u00e9m apresenta um biorritmo pr\u00f3prio, adaptando suas fun\u00e7\u00f5es de acordo com as varia\u00e7\u00f5es ambientais, principalmente a oscila\u00e7\u00e3o entre luz e escuro.<\/span><\/p>\n<h2>O que acontece com a pele durante o dia?<\/h2>\n<p><span style=\"font-weight: 400;\">Ao acordar, a pele desperta todo o seu potencial de autoprote\u00e7\u00e3o. Devido a maior exposi\u00e7\u00e3o aos raios solares, polui\u00e7\u00e3o e outros agentes ambientais, o \u00f3rg\u00e3o precisa aumentar sua fun\u00e7\u00e3o protetora, reduzir a permeabilidade cut\u00e2nea e a prolifera\u00e7\u00e3o de microrganismos.<\/span><\/p>\n<p><span style=\"font-weight: 400;\">Por isso, durante o dia, a pele:<\/span><\/p>\n<ul>\n<li style=\"font-weight: 400;\" aria-level=\"1\"><span style=\"font-weight: 400;\">fica mais oleosa, devido ao aumento na produ\u00e7\u00e3o seb\u00e1cea;<\/span><\/li>\n<li style=\"font-weight: 400;\" aria-level=\"1\"><span style=\"font-weight: 400;\">eleva o <a href=\"https:\/\/www.noorskin.com.br\/blog\/ph-da-pele\/?utm_source=blog&amp;utm_medium=link&amp;utm_campaign=interno&amp;utm_term=ciclo-circadiano-da-pele&amp;utm_content=ph-da-pele\" target=\"_blank\" rel=\"noopener\">pH<\/a> para se defender dos microrganismos;<\/span><\/li>\n<li style=\"font-weight: 400;\" aria-level=\"1\"><span style=\"font-weight: 400;\">perde menos \u00e1gua (menor perda transepid\u00e9rmica);<\/span><\/li>\n<li style=\"font-weight: 400;\" aria-level=\"1\"><span style=\"font-weight: 400;\">apresenta atividade celular e circula\u00e7\u00e3o sangu\u00ednea reduzida;<\/span><\/li>\n<li style=\"font-weight: 400;\" aria-level=\"1\"><span style=\"font-weight: 400;\">aumenta a densidade cut\u00e2nea, reduzindo a permeabilidade de ativos;<\/span><\/li>\n<li style=\"font-weight: 400;\" aria-level=\"1\"><span style=\"font-weight: 400;\">apresenta menor rea\u00e7\u00e3o inflamat\u00f3ria, gra\u00e7as a atividade do cortisol.<\/span><\/li>\n<\/ul>\n<h3>Cuidados necess\u00e1rios<\/h3>\n<p><span style=\"font-weight: 400;\">Alguns cuidados que podem contribuir para trabalhar a favor da sua pele durante o dia s\u00e3o:<\/span><\/p>\n<ul>\n<li style=\"font-weight: 400;\" aria-level=\"1\"><span style=\"font-weight: 400;\">lavar o rosto ao acordar, preferencialmente com um produto suave que elimine as toxinas liberadas durante \u00e0 noite, mas n\u00e3o remova toda a oleosidade ou prejudique a integridade da <a href=\"https:\/\/www.noorskin.com.br\/blog\/barreira-cutanea\/?utm_source=blog&amp;utm_medium=link&amp;utm_campaign=interno&amp;utm_term=ciclo-circadiano-da-pele&amp;utm_content=\/barreira-cutanea\" target=\"_blank\" rel=\"noopener\">barreira cut\u00e2nea<\/a>;<\/span><\/li>\n<li style=\"font-weight: 400;\" aria-level=\"1\"><span style=\"font-weight: 400;\">hidratar a pele, para manter os n\u00edveis de produ\u00e7\u00e3o de \u00e1gua e preservar o manto hidrolip\u00eddico;<\/span><\/li>\n<li style=\"font-weight: 400;\" aria-level=\"1\"><span style=\"font-weight: 400;\">usar <\/span><a href=\"https:\/\/www.noorskin.com.br\/urban-suncare-protetor-solar-facial-multifuncional?utm_source=blog&amp;utm_medium=link&amp;utm_campaign=produto&amp;utm_term=urban-suncare&amp;utm_content=ciclo-circadiano-da-pele\" target=\"_blank\" rel=\"noopener\"><span style=\"font-weight: 400;\">protetor solar<\/span><\/a><span style=\"font-weight: 400;\">, para reduzir os danos provocados pelos raios ultravioletas, pelas luzes artificiais das l\u00e2mpadas e dos equipamentos eletr\u00f4nicos, al\u00e9m de outros agentes ambientais.<\/span><\/li>\n<\/ul>\n<h2>O que acontece com a pele durante \u00e0 noite?<\/h2>\n<p><span style=\"font-weight: 400;\">Quando anoitece, o rel\u00f3gio biol\u00f3gico entende que \u00e9 hora do corpo descansar. Nesse momento a pele n\u00e3o \u00e9 mais submetida \u00e0s agress\u00f5es externas, h\u00e1 o aumento da vasculariza\u00e7\u00e3o e o in\u00edcio de processos importantes como a repara\u00e7\u00e3o e a regenera\u00e7\u00e3o celular.<\/span><\/p>\n<p><span style=\"font-weight: 400;\">Esse \u00e9 o momento perfeito para o uso de produtos ricos em nutrientes que penetram mais profundamente na pele e que ir\u00e3o reparar os danos causados ao longo do dia.<\/span><\/p>\n<p><span style=\"font-weight: 400;\">Isso porque \u00e0 noite \u00e9 o momento em que a pele:<\/span><\/p>\n<ul>\n<li style=\"font-weight: 400;\" aria-level=\"1\"><span style=\"font-weight: 400;\">reduz as secre\u00e7\u00f5es seb\u00e1ceas e sudor\u00edparas;<\/span><\/li>\n<li style=\"font-weight: 400;\" aria-level=\"1\"><span style=\"font-weight: 400;\">diminui a barreira epid\u00e9rmica;<\/span><\/li>\n<li style=\"font-weight: 400;\" aria-level=\"1\"><span style=\"font-weight: 400;\">aumenta a permeabilidade cut\u00e2nea;<\/span><\/li>\n<li style=\"font-weight: 400;\" aria-level=\"1\"><span style=\"font-weight: 400;\">apresenta maior perda de \u00e1gua transepid\u00e9rmica e rea\u00e7\u00e3o inflamat\u00f3ria;<\/span><\/li>\n<li style=\"font-weight: 400;\" aria-level=\"1\"><span style=\"font-weight: 400;\">possui maior vasculariza\u00e7\u00e3o e temperatura cut\u00e2nea;<\/span><\/li>\n<li style=\"font-weight: 400;\" aria-level=\"1\"><span style=\"font-weight: 400;\">aumenta a atividade celular (prolifera\u00e7\u00e3o e repara\u00e7\u00e3o).<\/span><\/li>\n<\/ul>\n<h3>Cuidados necess\u00e1rios<\/h3>\n<p><span style=\"font-weight: 400;\">Por isso, \u00e0 noite, \u00e9 o melhor momento para:<\/span><\/p>\n<ul>\n<li style=\"font-weight: 400;\" aria-level=\"1\"><span style=\"font-weight: 400;\">fazer uma boa limpeza na pele e remover todas as toxinas acumuladas durante o dia;<\/span><\/li>\n<li style=\"font-weight: 400;\" aria-level=\"1\"><span style=\"font-weight: 400;\">hidratar a pele e usar produtos ricos em nutrientes que estimulam a regenera\u00e7\u00e3o das fibras de col\u00e1geno e elastina, al\u00e9m de reparar o tecido epitelial;<\/span><\/li>\n<li style=\"font-weight: 400;\" aria-level=\"1\"><span style=\"font-weight: 400;\">usar produtos com ativos calmantes.<\/span><\/li>\n<\/ul>\n<h2>Conhecer o ciclo circadiano \u00e9 trabalhar a favor da pele<\/h2>\n<p><span style=\"font-weight: 400;\">Quando voc\u00ea entende como funciona o ciclo circadiano da pele, fica mais f\u00e1cil compreender a import\u00e2ncia de manter uma rotina de cuidados, assim como escolher os produtos que trabalham a favor da sua natureza.<\/span><\/p>\n<p><span style=\"font-weight: 400;\">Quer saber mais sobre o assunto e como obter a melhor vers\u00e3o da sua pele? Confira nosso artigo sobre \u201c<a href=\"https:\/\/www.noorskin.com.br\/blog\/skin-care\/?utm_source=blog&amp;utm_medium=link&amp;utm_campaign=interno&amp;utm_term=ciclo-circadiano-da-pele&amp;utm_content=skin-care\" target=\"_blank\" rel=\"noopener\">Skincare: autocuidado para o equil\u00edbrio do corpo<\/a>\u201d.<\/span>[\/vc_column_text][\/vc_column][\/vc_row][vc_row el_id=&#8221;bloco-produtos&#8221;][vc_column][vc_basic_grid post_type=&#8221;product&#8221; max_items=&#8221;4&#8243; element_width=&#8221;3&#8243; gap=&#8221;15&#8243; orderby=&#8221;title&#8221; item=&#8221;2842&#8243; css=&#8221;&#8221; grid_id=&#8221;vc_gid:1743797573359-a473d7c0-d433-7&#8243; el_class=&#8221;post-grid-produtos&#8221; taxonomies=&#8221;43, 42, 69, 71&#8243;][\/vc_column][\/vc_row]<\/p>\n<\/div>","protected":false},"excerpt":{"rendered":"<p>Sabe aquela express\u00e3o \u201csono da beleza\u201d? Talvez voc\u00ea j\u00e1 tenha se perguntado se isso \u00e9 mito ou verdade, mas assim como o nosso corpo, a pele tem um ciclo pr\u00f3prio e natural que tem muito a nos ensinar sobre como mant\u00ea-la bonita e saud\u00e1vel. Entenda!<\/p>\n","protected":false},"author":5,"featured_media":3735,"comment_status":"closed","ping_status":"closed","sticky":false,"template":"","format":"standard","meta":{"inline_featured_image":false,"footnotes":""},"categories":[59],"tags":[10,14,17,21],"class_list":["post-3733","post","type-post","status-publish","format-standard","has-post-thumbnail","hentry","category-mind","tag-fashion","tag-lifestyle","tag-news","tag-style"],"_links":{"self":[{"href":"https:\/\/www.noorskin.com.br\/blog\/wp-json\/wp\/v2\/posts\/3733","targetHints":{"allow":["GET"]}}],"collection":[{"href":"https:\/\/www.noorskin.com.br\/blog\/wp-json\/wp\/v2\/posts"}],"about":[{"href":"https:\/\/www.noorskin.com.br\/blog\/wp-json\/wp\/v2\/types\/post"}],"author":[{"embeddable":true,"href":"https:\/\/www.noorskin.com.br\/blog\/wp-json\/wp\/v2\/users\/5"}],"replies":[{"embeddable":true,"href":"https:\/\/www.noorskin.com.br\/blog\/wp-json\/wp\/v2\/comments?post=3733"}],"version-history":[{"count":13,"href":"https:\/\/www.noorskin.com.br\/blog\/wp-json\/wp\/v2\/posts\/3733\/revisions"}],"predecessor-version":[{"id":6037,"href":"https:\/\/www.noorskin.com.br\/blog\/wp-json\/wp\/v2\/posts\/3733\/revisions\/6037"}],"wp:featuredmedia":[{"embeddable":true,"href":"https:\/\/www.noorskin.com.br\/blog\/wp-json\/wp\/v2\/media\/3735"}],"wp:attachment":[{"href":"https:\/\/www.noorskin.com.br\/blog\/wp-json\/wp\/v2\/media?parent=3733"}],"wp:term":[{"taxonomy":"category","embeddable":true,"href":"https:\/\/www.noorskin.com.br\/blog\/wp-json\/wp\/v2\/categories?post=3733"},{"taxonomy":"post_tag","embeddable":true,"href":"https:\/\/www.noorskin.com.br\/blog\/wp-json\/wp\/v2\/tags?post=3733"}],"curies":[{"name":"wp","href":"https:\/\/api.w.org\/{rel}","templated":true}]}}