{"id":3737,"date":"2022-05-04T15:43:22","date_gmt":"2022-05-04T18:43:22","guid":{"rendered":"https:\/\/www.noorskin.com.br\/blog\/?p=3737"},"modified":"2025-06-02T14:54:10","modified_gmt":"2025-06-02T17:54:10","slug":"barreira-cutanea","status":"publish","type":"post","link":"https:\/\/www.noorskin.com.br\/blog\/barreira-cutanea\/","title":{"rendered":"Barreira cut\u00e2nea: como fortalecer a defesa natural da sua pele"},"content":{"rendered":"<div class=\"wpb-content-wrapper\"><p>[vc_row][vc_column][vc_column_text css=&#8221;&#8221;]<\/p>\n<h2>O que \u00e9 a barreira cut\u00e2nea?<\/h2>\n<p><span style=\"font-weight: 400;\">A barreira cut\u00e2nea \u00e9 formada por c\u00e9lulas do estrato c\u00f3rneo (camada vis\u00edvel da pele) e pelas subst\u00e2ncias que as unem, como ceramidas, colesterol e \u00e1cidos graxos. \u00c9 como se fosse um muro, em que as c\u00e9lulas s\u00e3o os tijolos e as gorduras o cimento, constituindo uma barreira perfeita para proteger a pele.<\/span><\/p>\n<p><span style=\"font-weight: 400;\">Essa camada, tamb\u00e9m conhecida como filme ou manto hidrolip\u00eddico, desempenha a fun\u00e7\u00e3o de barreira, ajudando a manter a pele flex\u00edvel, protegendo da perda de l\u00edquidos e agindo como um escudo protetor contra a entrada de bact\u00e9rias e fungos \u201cdo mal\u201d.<\/span><\/p>\n<p><span style=\"font-weight: 400;\">Em condi\u00e7\u00f5es saud\u00e1veis, esse manto \u00e9 respons\u00e1vel por manter a pele com pH ligeiramente \u00e1cido, criando o ambiente ideal para a presen\u00e7a dos microrganismos \u201cdo bem\u201d que vivem nela e que constituem a flora cut\u00e2nea ou o <a href=\"https:\/\/www.noorskin.com.br\/blog\/microbioma-da-pele\/?utm_source=blog&amp;utm_medium=link&amp;utm_campaign=interno&amp;utm_term=barreira-cutanea&amp;utm_content=microbioma-da-pele\" target=\"_blank\" rel=\"noopener\">microbioma da pele<\/a>.<\/span><\/p>\n<h3>Entenda as camadas da pele<\/h3>\n<p><span style=\"font-weight: 400;\">Para entender melhor onde est\u00e1 localizada a barreira cut\u00e2nea, \u00e9 importante saber quais s\u00e3o e como funcionam as camadas da pele.<\/span><\/p>\n<h4><img loading=\"lazy\" decoding=\"async\" class=\"alignnone size-full wp-image-5154\" src=\"https:\/\/www.noorskin.com.br\/blog\/wp-content\/uploads\/2022\/05\/camadas-da-pele.png\" alt=\"Infogr\u00e1fico demonstrando as camadas da pele, epiderme, derme e hipoderme, em uma imagem 3D.\" width=\"1500\" height=\"862\" srcset=\"https:\/\/www.noorskin.com.br\/blog\/wp-content\/uploads\/2022\/05\/camadas-da-pele.png 1500w, https:\/\/www.noorskin.com.br\/blog\/wp-content\/uploads\/2022\/05\/camadas-da-pele-600x345.png 600w\" sizes=\"auto, (max-width: 1500px) 100vw, 1500px\" \/>Hipoderme<\/h4>\n<p><span style=\"font-weight: 400;\">\u00c9 a camada mais interna da pele, respons\u00e1vel pela sustenta\u00e7\u00e3o e suporte da derme e epiderme. \u00c9 composta por gordura e suas principais fun\u00e7\u00f5es s\u00e3o: armazenar energia, regular a temperatura corporal e proteger os \u00f3rg\u00e3os internos de impactos. Produtos t\u00f3picos n\u00e3o costumam atingir essa camada da pele, mas os nutricosm\u00e9ticos sim.<\/span><\/p>\n<h4><span style=\"font-weight: 400;\">Derme<\/span><\/h4>\n<p><span style=\"font-weight: 400;\">\u00c9 a camada do meio, entre a hipoderme e a epiderme. \u00c9 composta por <\/span><a href=\"https:\/\/www.essentialnutrition.com.br\/conteudos\/tipos-de-colageno\/\/?utm_source=blog&amp;utm_medium=link&amp;utm_campaign=externo&amp;utm_term=barreira-cutanea&amp;utm_content=tipos-de-colageno\" target=\"_blank\" rel=\"noopener\"><span style=\"font-weight: 400;\">col\u00e1geno<\/span><\/a><span style=\"font-weight: 400;\"> e elastina, vitais para a sa\u00fade e a juventude da pele, respons\u00e1veis pela sua for\u00e7a e flexibilidade. Essas fibras est\u00e3o impregnadas de uma subst\u00e2ncia tipo gel, rica em \u00e1cido hialur\u00f4nico e com alta capacidade para fixar a \u00e1gua, contribuindo para manter o volume da pele.<\/span><\/p>\n<h4><span style=\"font-weight: 400;\">Epiderme<\/span><\/h4>\n<p><span style=\"font-weight: 400;\">\u00c9 a camada mais externa da pele, onde atuam a maioria dos ativos dos cosm\u00e9ticos. Est\u00e1 dividida em cinco camadas (basal, espinhosa, granular, l\u00facida e c\u00f3rnea), sendo o est\u00e1gio de vida das c\u00e9lulas o que as diferencia. Na primeira camada est\u00e3o os queratin\u00f3citos, c\u00e9lulas rec\u00e9m-formadas que \u00e0 medida que envelhecem sobem para a superf\u00edcie.<\/span><\/p>\n<p><span style=\"font-weight: 400;\">Quando atingem o topo j\u00e1 est\u00e3o em estado de senesc\u00eancia e, junto com as ceramidas, formam o estrato c\u00f3rneo, que \u00e9 coberto pelo manto hidrolip\u00eddico, formando a barreira cut\u00e2nea ou de prote\u00e7\u00e3o da pele.<\/span><\/p>\n<h2>Qual a fun\u00e7\u00e3o da barreira cut\u00e2nea?<\/h2>\n<p><span style=\"font-weight: 400;\">A principal fun\u00e7\u00e3o da barreira cut\u00e2nea \u00e9 impedir a perda de \u00e1gua transepid\u00e9rmica, mantendo a hidrata\u00e7\u00e3o e protegendo o corpo contra agentes infecciosos e irritantes que podem penetrar atrav\u00e9s da pele.<\/span><\/p>\n<p><span style=\"font-weight: 400;\">Ela funciona como se fosse uma barreira f\u00edsica, auxiliando a pele a vencer agentes externos, como toxinas, <a href=\"https:\/\/www.noorskin.com.br\/blog\/efeitos-da-poluicao-e-radiacao-na-pele\/?utm_source=blog&amp;utm_medium=link&amp;utm_campaign=interno&amp;utm_term=barreira-cutanea&amp;utm_content=efeitos-da-poluicao-e-radiacao-na-pele\" target=\"_blank\" rel=\"noopener\">polui\u00e7\u00e3o, radia\u00e7\u00e3o solar<\/a>, mudan\u00e7as de temperatura, vento, entre outros.<\/span><\/p>\n<p><span style=\"font-weight: 400;\">A barreira cut\u00e2nea tamb\u00e9m \u00e9 respons\u00e1vel por determinar o <a href=\"https:\/\/www.noorskin.com.br\/blog\/ph-da-pele\/?utm_source=blog&amp;utm_medium=link&amp;utm_campaign=interno&amp;utm_term=barreira-cutanea&amp;utm_content=ph-da-pele\" target=\"_blank\" rel=\"noopener\">pH da pele<\/a>, fator importante para criar um ambiente favor\u00e1vel aos microrganismos que comp\u00f5em o microbioma da pele e atuam na prote\u00e7\u00e3o contra fungos e bact\u00e9rias patog\u00eanicas.\u00a0<\/span><\/p>\n<h2><span style=\"font-weight: 400;\">\u00c9 poss\u00edvel danificar essa barreira?<\/span><\/h2>\n<p><span style=\"font-weight: 400;\">Sim, \u00e9 poss\u00edvel. Alguns h\u00e1bitos, como, por exemplo, tomar banhos quentes e demorados, usar esponjas de banho e lavar o rosto com produtos inadequados, podem danificar o manto hidrolip\u00eddico (ao remover os lip\u00eddios que comp\u00f5em a barreira cut\u00e2nea) e causar a desidrata\u00e7\u00e3o da pele.<\/span><\/p>\n<p><span style=\"font-weight: 400;\">Outros fatores como doen\u00e7as dermatol\u00f3gicas, altera\u00e7\u00f5es gen\u00e9ticas e o pr\u00f3prio <a href=\"https:\/\/www.noorskin.com.br\/blog\/envelhecimento-da-pele\/?utm_source=blog&amp;utm_medium=link&amp;utm_campaign=interno&amp;utm_term=barreira-cutanea&amp;utm_content=envelhecimento-da-pele\" target=\"_blank\" rel=\"noopener\">envelhecimento<\/a> tamb\u00e9m contribuem para alterar a barreira cut\u00e2nea. Nesse sentido, \u00e9 importante buscar orienta\u00e7\u00e3o m\u00e9dica e entender melhor o que est\u00e1 acontecendo com a sua pele.<\/span><\/p>\n<h2><span style=\"font-weight: 400;\">O que acontece quando h\u00e1 ruptura da barreira cut\u00e2nea?<\/span><\/h2>\n<p><span style=\"font-weight: 400;\">O equil\u00edbrio da barreira cut\u00e2nea se reflete na sua capacidade de resposta a processos inflamat\u00f3rios, imunol\u00f3gicos e metab\u00f3licos. Logo, quando h\u00e1 uma ruptura, alguns sinais indicam que essa barreira n\u00e3o est\u00e1 funcionando adequadamente. Entre os sinais vis\u00edveis est\u00e3o:<\/span><\/p>\n<ul>\n<li style=\"font-weight: 400;\" aria-level=\"1\"><span style=\"font-weight: 400;\">pele mais sens\u00edvel;<\/span><\/li>\n<li style=\"font-weight: 400;\" aria-level=\"1\"><span style=\"font-weight: 400;\">rea\u00e7\u00f5es inflamat\u00f3rias, como vermelhid\u00e3o, coceira e ard\u00eancia;<\/span><\/li>\n<li style=\"font-weight: 400;\" aria-level=\"1\"><span style=\"font-weight: 400;\">sensa\u00e7\u00e3o de que a pele est\u00e1 repuxando, sinal de desidrata\u00e7\u00e3o ou hipersensibilidade causada pelo uso de produtos inadequados que removem toda a oleosidade da pele.<\/span><\/li>\n<\/ul>\n<p><span style=\"font-weight: 400;\">Al\u00e9m disso, h\u00e1 outras consequ\u00eancias dessa ruptura que n\u00e3o podem ser observadas, como:<\/span><\/p>\n<ul>\n<li style=\"font-weight: 400;\" aria-level=\"1\"><span style=\"font-weight: 400;\">maior perda de \u00e1gua transepid\u00e9rmica (TEWL);<\/span><\/li>\n<li style=\"font-weight: 400;\" aria-level=\"1\"><span style=\"font-weight: 400;\">eleva\u00e7\u00e3o do pH da pele;<\/span><\/li>\n<li style=\"font-weight: 400;\" aria-level=\"1\"><span style=\"font-weight: 400;\">exposi\u00e7\u00e3o \u00e0 invas\u00e3o de toxinas e agentes pat\u00f3genos.<\/span><\/li>\n<\/ul>\n<p><span style=\"font-weight: 400;\"><img loading=\"lazy\" decoding=\"async\" class=\"alignnone size-full wp-image-5155\" src=\"https:\/\/www.noorskin.com.br\/blog\/wp-content\/uploads\/2022\/05\/barreira-cutanea-saudavel.png\" alt=\"Infogr\u00e1fico demonstrando como \u00e9 uma barreira cut\u00e2nea saud\u00e1vel e uma n\u00e3o saud\u00e1vel.\" width=\"1500\" height=\"895\" srcset=\"https:\/\/www.noorskin.com.br\/blog\/wp-content\/uploads\/2022\/05\/barreira-cutanea-saudavel.png 1500w, https:\/\/www.noorskin.com.br\/blog\/wp-content\/uploads\/2022\/05\/barreira-cutanea-saudavel-600x358.png 600w\" sizes=\"auto, (max-width: 1500px) 100vw, 1500px\" \/><\/span><\/p>\n<h2><span style=\"font-weight: 400;\">Como recuperar e proteger a barreira cut\u00e2nea?<\/span><\/h2>\n<p><span style=\"font-weight: 400;\">O primeiro passo \u00e9 observar o momento da sua pele, como ela est\u00e1 e o que precisa. Com base nisso, escolha produtos que respeitem e reforcem suas caracter\u00edsticas naturais e mantenham o equil\u00edbrio do manto hidrolip\u00eddico, como:<\/span><\/p>\n<ul>\n<li style=\"font-weight: 400;\" aria-level=\"1\"><span style=\"font-weight: 400;\"><a href=\"https:\/\/www.noorskin.com.br\/produtos\/limpeza?utm_source=blog&amp;utm_medium=link&amp;utm_campaign=produto&amp;utm_term=categoria-limpeza&amp;utm_content=barreira-cutanea\" target=\"_blank\" rel=\"noopener\">agentes de limpeza<\/a> que removem as impurezas de forma delicada e sem agredir a pele, respeitando o seu pH;<\/span><\/li>\n<li style=\"font-weight: 400;\" aria-level=\"1\"><span style=\"font-weight: 400;\"><a href=\"http:\/\/www.noorskin.com.br\/natural-light-serum-hidratante?utm_source=blog&amp;utm_medium=link&amp;utm_campaign=produto&amp;utm_term=barreira-cutanea&amp;utm_content=natural-light\" target=\"_blank\" rel=\"noopener\">hidratantes<\/a> que rep\u00f5em lip\u00eddios e aumentam a umidade da pele;<\/span><\/li>\n<li style=\"font-weight: 400;\" aria-level=\"1\"><span style=\"font-weight: 400;\">ativos que ajudam na <a href=\"http:\/\/www.noorskin.com.br\/daylight-vitality-hidratante-facial-diurno?utm_source=blog&amp;utm_medium=link&amp;utm_campaign=produto&amp;utm_term=barreira-cutanea&amp;utm_content=daylight-vitality\" target=\"_blank\" rel=\"noopener\">defesa antioxidante<\/a> e <a href=\"https:\/\/www.essentialnutrition.com.br\/moonlight-repair?utm_source=blog&amp;utm_medium=link&amp;utm_campaign=produto&amp;utm_term=barreira-cutanea&amp;utm_content=moonlight-repair\" target=\"_blank\" rel=\"noopener\">microbi\u00f3tica<\/a>.<\/span><\/li>\n<\/ul>\n<p><span style=\"font-weight: 400;\">Outros cuidados importantes com a pele s\u00e3o:<\/span><\/p>\n<ul>\n<li style=\"font-weight: 400;\" aria-level=\"1\"><span style=\"font-weight: 400;\">evitar banhos quentes;<\/span><\/li>\n<li style=\"font-weight: 400;\" aria-level=\"1\"><span style=\"font-weight: 400;\">usar <\/span><a href=\"https:\/\/essentia.com.br\/conteudos\/qual-e-o-melhor-protetor-solar-entenda-as-diferencas\/\/?utm_source=blog&amp;utm_medium=link&amp;utm_campaign=externo&amp;utm_term=barreira-cutanea&amp;utm_content=melhor-protetor-solar\" target=\"_blank\" rel=\"noopener\"><span style=\"font-weight: 400;\">protetor solar<\/span><\/a><span style=\"font-weight: 400;\"> todos os dias, mesmo em ambientes fechados;<\/span><\/li>\n<li style=\"font-weight: 400;\" aria-level=\"1\"><span style=\"font-weight: 400;\">optar por produtos de limpeza sem \u00e1lcool em sua composi\u00e7\u00e3o;<\/span><\/li>\n<li style=\"font-weight: 400;\" aria-level=\"1\"><span style=\"font-weight: 400;\">evitar o uso de esponjas de banho e esfoliantes que podem agredir a pele;<\/span><\/li>\n<li style=\"font-weight: 400;\" aria-level=\"1\"><span style=\"font-weight: 400;\">hidratar a pele todos os dias.<\/span><\/li>\n<\/ul>\n<h3><span style=\"font-weight: 400;\">A import\u00e2ncia dos cuidados com a pele<\/span><\/h3>\n<p><span style=\"font-weight: 400;\">Quando voc\u00ea percebe como est\u00e1 sua pele, \u00e9 mais f\u00e1cil identificar o que ela precisa para estar em equil\u00edbrio, permanecer saud\u00e1vel e apresentar um vigor natural, al\u00e9m de desempenhar sua fun\u00e7\u00e3o de barreira de forma mais efetiva.<\/span><\/p>\n<p><span style=\"font-weight: 400;\">Um modo de tornar esse processo mais intuitivo \u00e9 adotar uma rotina de autocuidado, que permita a voc\u00ea observar, sentir e escolher os produtos mais adequados em cada momento da sua pele. Quer saber como fazer isso? Continue a leitura em nosso artigo sobre <a href=\"https:\/\/www.noorskin.com.br\/blog\/skin-care\/?utm_source=blog&amp;utm_medium=link&amp;utm_campaign=interno&amp;utm_term=barreira-cutanea&amp;utm_content=skin-care\" target=\"_blank\" rel=\"noopener\">skincare<\/a>.\u00a0<\/span>[\/vc_column_text][\/vc_column][\/vc_row][vc_row el_id=&#8221;bloco-produtos&#8221;][vc_column][vc_basic_grid post_type=&#8221;product&#8221; max_items=&#8221;4&#8243; element_width=&#8221;3&#8243; gap=&#8221;15&#8243; orderby=&#8221;title&#8221; item=&#8221;2842&#8243; css=&#8221;&#8221; grid_id=&#8221;vc_gid:1728587318406-1ba15c56-f4bb-9&#8243; el_class=&#8221;post-grid-produtos&#8221; taxonomies=&#8221;65, 64, 66, 69&#8243;][\/vc_column][\/vc_row]<\/p>\n<\/div>","protected":false},"excerpt":{"rendered":"<p>Ela \u00e9 o escudo protetor da nossa pele, por isso, \u00e9 t\u00e3o importante manter a sua integridade. Entenda o que \u00e9 a barreira cut\u00e2nea, onde est\u00e1 localizada, suas principais fun\u00e7\u00f5es e import\u00e2ncia para uma pele protegida e hidratada.<\/p>\n","protected":false},"author":5,"featured_media":3740,"comment_status":"closed","ping_status":"closed","sticky":false,"template":"","format":"standard","meta":{"inline_featured_image":false,"footnotes":""},"categories":[59],"tags":[10,14,17,21],"class_list":["post-3737","post","type-post","status-publish","format-standard","has-post-thumbnail","hentry","category-mind","tag-fashion","tag-lifestyle","tag-news","tag-style"],"_links":{"self":[{"href":"https:\/\/www.noorskin.com.br\/blog\/wp-json\/wp\/v2\/posts\/3737","targetHints":{"allow":["GET"]}}],"collection":[{"href":"https:\/\/www.noorskin.com.br\/blog\/wp-json\/wp\/v2\/posts"}],"about":[{"href":"https:\/\/www.noorskin.com.br\/blog\/wp-json\/wp\/v2\/types\/post"}],"author":[{"embeddable":true,"href":"https:\/\/www.noorskin.com.br\/blog\/wp-json\/wp\/v2\/users\/5"}],"replies":[{"embeddable":true,"href":"https:\/\/www.noorskin.com.br\/blog\/wp-json\/wp\/v2\/comments?post=3737"}],"version-history":[{"count":19,"href":"https:\/\/www.noorskin.com.br\/blog\/wp-json\/wp\/v2\/posts\/3737\/revisions"}],"predecessor-version":[{"id":6079,"href":"https:\/\/www.noorskin.com.br\/blog\/wp-json\/wp\/v2\/posts\/3737\/revisions\/6079"}],"wp:featuredmedia":[{"embeddable":true,"href":"https:\/\/www.noorskin.com.br\/blog\/wp-json\/wp\/v2\/media\/3740"}],"wp:attachment":[{"href":"https:\/\/www.noorskin.com.br\/blog\/wp-json\/wp\/v2\/media?parent=3737"}],"wp:term":[{"taxonomy":"category","embeddable":true,"href":"https:\/\/www.noorskin.com.br\/blog\/wp-json\/wp\/v2\/categories?post=3737"},{"taxonomy":"post_tag","embeddable":true,"href":"https:\/\/www.noorskin.com.br\/blog\/wp-json\/wp\/v2\/tags?post=3737"}],"curies":[{"name":"wp","href":"https:\/\/api.w.org\/{rel}","templated":true}]}}