{"id":5479,"date":"2023-12-04T10:24:56","date_gmt":"2023-12-04T13:24:56","guid":{"rendered":"https:\/\/www.noorskin.com.br\/blog\/?p=5479"},"modified":"2024-04-15T17:33:43","modified_gmt":"2024-04-15T20:33:43","slug":"fragrancia-em-cosmeticos","status":"publish","type":"post","link":"https:\/\/www.noorskin.com.br\/blog\/fragrancia-em-cosmeticos\/","title":{"rendered":"Fragr\u00e2ncia em cosm\u00e9ticos: efeitos sentidos na pele e na sa\u00fade"},"content":{"rendered":"<div class=\"wpb-content-wrapper\"><p>[vc_row][vc_column][vc_column_text]<\/p>\n<h2><span style=\"font-weight: 400;\">O que \u00e9 a fragr\u00e2ncia em cosm\u00e9ticos?<\/span><\/h2>\n<p><span style=\"font-weight: 400;\">Voc\u00ea costuma dar aquela conferida no cheiro do hidratante ou de qualquer outro cosm\u00e9tico antes de us\u00e1-lo no seu <a href=\"https:\/\/www.noorskin.com.br\/blog\/skin-care\/?utm_source=blog&amp;utm_medium=link&amp;utm_campaign=interno&amp;utm_term=skin-care&amp;utm_content=fragrancia-em-cosmeticos\" target=\"_blank\" rel=\"noopener\">skincare<\/a>? A fragr\u00e2ncia \u00e9 a combina\u00e7\u00e3o de compostos que confere esse aroma que voc\u00ea sente e que, geralmente, \u00e9 bem agrad\u00e1vel.\u00a0<\/span><\/p>\n<p><span style=\"font-weight: 400;\">Atualmente, existem mais de <\/span><a href=\"https:\/\/ec.europa.eu\/health\/scientific_committees\/opinions_layman\/perfume-allergies\/en\/index.htm#2?utm_source=blog&amp;utm_medium=link&amp;utm_campaign=externo&amp;utm_term=estudo&amp;utm_content=fragrancia-em-cosmeticos\" target=\"_blank\" rel=\"noopener\"><span style=\"font-weight: 400;\">2.500 ingredientes utilizados nas fragr\u00e2ncias<\/span><\/a><span style=\"font-weight: 400;\"> de cosm\u00e9ticos e de outros produtos perfumados que usamos diariamente, como os de higiene e limpeza. Ainda, um \u00fanico produto desses pode conter de 10 a 300 compostos de fragr\u00e2ncias. Parece ser muita coisa, n\u00e3o \u00e9 mesmo?<\/span><\/p>\n<p><span style=\"font-weight: 400;\">Somado a isso, as fragr\u00e2ncias s\u00e3o de origem natural ou sint\u00e9tica:<\/span><b><\/b><\/p>\n<ul>\n<li aria-level=\"1\"><b>Fragr\u00e2ncias naturais: <\/b><span style=\"font-weight: 400;\">originadas dos \u00f3leos essenciais e formadas por diversos compostos arom\u00e1ticos e terpenos presentes naturalmente em plantas.<\/span><\/li>\n<li style=\"font-weight: 400;\" aria-level=\"1\"><b>Fragr\u00e2ncias sint\u00e9ticas: <\/b><span style=\"font-weight: 400;\">feitas com a combina\u00e7\u00e3o de subst\u00e2ncias qu\u00edmicas sint\u00e9ticas. Tamb\u00e9m se encaixam nessa categoria os compostos naturais alterados pela ind\u00fastria.<\/span><\/li>\n<\/ul>\n<h3><span style=\"font-weight: 400;\">Fragr\u00e2ncia \u00e9 a mesma coisa que ess\u00eancia?<\/span><\/h3>\n<p><span style=\"font-weight: 400;\">Ess\u00eancia \u00e9 o termo usado quando nos referimos ao aroma \u201cpuro\u201d ou \u201cbase\u201d formado pelos compostos arom\u00e1ticos dos \u00f3leos essenciais. J\u00e1 a fragr\u00e2ncia \u00e9 uma combina\u00e7\u00e3o deles ou de outros ingredientes (naturais ou sint\u00e9ticos) que juntos resultam no aroma do produto.<\/span><\/p>\n<h2><span style=\"font-weight: 400;\">Qual a fun\u00e7\u00e3o da fragr\u00e2ncia nos cosm\u00e9ticos?<\/span><\/h2>\n<p><span style=\"font-weight: 400;\">A principal fun\u00e7\u00e3o da fragr\u00e2ncia nos cosm\u00e9ticos \u00e9 sensorial. O aroma agrad\u00e1vel pode \u200b\u200binfluenciar na experi\u00eancia de uso do consumidor e impactar significativamente na <\/span><a href=\"https:\/\/www.scielo.br\/j\/babt\/a\/5xBDsfsyhfxjNdvg5DqfbnG\/?lang=en&amp;format=html&amp;utm_source=blog&amp;utm_medium=link&amp;utm_campaign=externo&amp;utm_term=estudo-scielo&amp;utm_content=fragrancia-em-cosmeticos\" target=\"_blank\" rel=\"noopener\"><span style=\"font-weight: 400;\">avalia\u00e7\u00e3o do cosm\u00e9tico<\/span><\/a><span style=\"font-weight: 400;\">.\u00a0<\/span><\/p>\n<p><span style=\"font-weight: 400;\">Ao lado de outros diferenciais, como a textura ou o design da embalagem, a fragr\u00e2ncia tamb\u00e9m \u00e9 um atributo comercial e uma vantagem est\u00e9tica, podendo ser decisiva na hora de escolher e comprar um cosm\u00e9tico.<\/span><\/p>\n<p><span style=\"font-weight: 400;\">Nesse contexto, \u00e9 vista como um atributo que ajuda a tornar o produto mais atrativo. Contudo, as discuss\u00f5es mais atuais sobre seus efeitos na pele e no nosso corpo mudam a dire\u00e7\u00e3o, e fazem com que a procura por cosm\u00e9ticos sem fragr\u00e2ncia ganhe espa\u00e7o. Para compreender esse movimento, \u00e9 importante saber o que as fragr\u00e2ncias podem causar.<\/span><\/p>\n<h2><span style=\"font-weight: 400;\">Afinal, o que as fragr\u00e2ncias dos cosm\u00e9ticos podem causar?<\/span><\/h2>\n<p><span style=\"font-weight: 400;\">Por mais que boa parte das pessoas ame um produtinho cheiroso para aplicar no rosto, corpo ou cabelo, essa sensa\u00e7\u00e3o prazerosa pode ter impactos percebidos na pele, como o surgimento de alergias e o aumento da sensibilidade, al\u00e9m de poder interferir em outros mecanismos do nosso corpo e at\u00e9 no meio ambiente.<\/span><\/p>\n<p><span style=\"font-weight: 400;\">Confira os principais efeitos adversos dos ingredientes de fragr\u00e2ncias encontrados em cosm\u00e9ticos.<\/span><\/p>\n<h3><span style=\"font-weight: 400;\">Pele: alergias e irrita\u00e7\u00f5es<\/span><\/h3>\n<p><span style=\"font-weight: 400;\">O <\/span><a href=\"https:\/\/health.ec.europa.eu\/scientific-committees\/scientific-committee-consumer-safety-sccs_en?utm_source=blog&amp;utm_medium=link&amp;utm_campaign=externo&amp;utm_term=comite-cientifico&amp;utm_content=fragrancia-em-cosmeticos\" target=\"_blank\" rel=\"noopener\"><i><span style=\"font-weight: 400;\">Scientific Committee on Consumer Safety<\/span><\/i><span style=\"font-weight: 400;\"> (SCCS)<\/span><\/a><span style=\"font-weight: 400;\"> destaca as alergias e as irrita\u00e7\u00f5es cut\u00e2neas como os problemas mais comuns observados com ingredientes de fragr\u00e2ncias, al\u00e9m de fotossensibilidade, urtic\u00e1ria de contato e dermatite de contato pigmentada. Para se ter uma melhor no\u00e7\u00e3o do potencial alerg\u00eanico, depois dos metais, as fragr\u00e2ncias s\u00e3o a <\/span><a href=\"https:\/\/onlinelibrary.wiley.com\/doi\/10.1111\/j.1600-0536.2010.01739.x?utm_source=blog&amp;utm_medium=link&amp;utm_campaign=externo&amp;utm_term=estudo-onlinelibrary&amp;utm_content=fragrancia-em-cosmeticos\" target=\"_blank\" rel=\"noopener\"><span style=\"font-weight: 400;\">segunda maior causa de alergia de contato<\/span><\/a><span style=\"font-weight: 400;\"> de acordo com alguns autores.\u00a0<\/span><\/p>\n<p><span style=\"font-weight: 400;\">O principal mecanismo de rea\u00e7\u00e3o do nosso corpo diante desses compostos \u00e9 a resposta inflamat\u00f3ria, ou seja, nosso corpo reconhece essas subst\u00e2ncias como nocivas e se manifesta. Na pr\u00e1tica, ao aplicar um cosm\u00e9tico com ingredientes de fragr\u00e2ncia alerg\u00eanicos, a subst\u00e2ncia penetra e se liga a uma prote\u00edna presente na estrutura da pele, podendo provocar uma s\u00e9rie de efeitos que impactam no sistema imunol\u00f3gico e resultam no surgimento das alergias principalmente no rosto, nas axilas e nas m\u00e3os.<\/span><\/p>\n<p><span style=\"font-weight: 400;\">Enquanto as alergias geralmente aparecem um dia ap\u00f3s o uso, a irrita\u00e7\u00e3o cut\u00e2nea costuma surgir logo ap\u00f3s o uso do cosm\u00e9tico, levando \u00e0 coceira, vermelhid\u00e3o e erup\u00e7\u00f5es cut\u00e2neas em alguns casos.<\/span><\/p>\n<h4><span style=\"font-weight: 400;\">Fragr\u00e2ncias alerg\u00eanicas da Uni\u00e3o Europeia\u00a0<\/span><\/h4>\n<p><span style=\"font-weight: 400;\">O SCCS listou 26 subst\u00e2ncias de fragr\u00e2ncias com um potencial bem reconhecido para causar alergias, e que devem estar descritas nos r\u00f3tulos dos cosm\u00e9ticos na Europa:<\/span><\/p>\n<ul>\n<li style=\"font-weight: 400;\" aria-level=\"1\"><span style=\"font-weight: 400;\">3-metil-4-(2,6,6-trimetil-2-ciclo-hexen-1-il)-3-buten-2-ona\u00a0<\/span><\/li>\n<li style=\"font-weight: 400;\" aria-level=\"1\"><span style=\"font-weight: 400;\">Amilcinamal\u00a0<\/span><\/li>\n<li style=\"font-weight: 400;\" aria-level=\"1\"><span style=\"font-weight: 400;\">\u00c1lcool amilcinam\u00edlico<\/span><\/li>\n<li style=\"font-weight: 400;\" aria-level=\"1\"><span style=\"font-weight: 400;\">\u00c1lcool anis\u00edlico\u00a0<\/span><\/li>\n<li style=\"font-weight: 400;\" aria-level=\"1\"><span style=\"font-weight: 400;\">\u00c1lcool benz\u00edlico\u00a0<\/span><\/li>\n<li style=\"font-weight: 400;\" aria-level=\"1\"><span style=\"font-weight: 400;\">Benzoato de benzilo\u00a0<\/span><\/li>\n<li style=\"font-weight: 400;\" aria-level=\"1\"><span style=\"font-weight: 400;\">Cinamato de benzilo\u00a0<\/span><\/li>\n<li style=\"font-weight: 400;\" aria-level=\"1\"><span style=\"font-weight: 400;\">Salicilato de benzilo\u00a0<\/span><\/li>\n<li style=\"font-weight: 400;\" aria-level=\"1\"><span style=\"font-weight: 400;\">Alde\u00eddo Cin\u00e2mico\u00a0<\/span><\/li>\n<li style=\"font-weight: 400;\" aria-level=\"1\"><span style=\"font-weight: 400;\">Cinamil \u00e1lcool\u00a0<\/span><\/li>\n<li style=\"font-weight: 400;\" aria-level=\"1\"><span style=\"font-weight: 400;\">Citral<\/span><\/li>\n<li style=\"font-weight: 400;\" aria-level=\"1\"><span style=\"font-weight: 400;\">Citronelol\u00a0<\/span><\/li>\n<li style=\"font-weight: 400;\" aria-level=\"1\"><span style=\"font-weight: 400;\">Cumarina\u00a0<\/span><\/li>\n<li style=\"font-weight: 400;\" aria-level=\"1\"><span style=\"font-weight: 400;\">d-Limonemo<\/span><\/li>\n<li style=\"font-weight: 400;\" aria-level=\"1\"><span style=\"font-weight: 400;\">Eugenol<\/span><\/li>\n<li style=\"font-weight: 400;\" aria-level=\"1\"><span style=\"font-weight: 400;\">Farnesol\u00a0<\/span><\/li>\n<li style=\"font-weight: 400;\" aria-level=\"1\"><span style=\"font-weight: 400;\">Geraniol\u00a0<\/span><\/li>\n<li style=\"font-weight: 400;\" aria-level=\"1\"><span style=\"font-weight: 400;\">Hexil cinamalde\u00eddo\u00a0<\/span><\/li>\n<li style=\"font-weight: 400;\" aria-level=\"1\"><span style=\"font-weight: 400;\">Hidroxicitronelal\u00a0<\/span><\/li>\n<li style=\"font-weight: 400;\" aria-level=\"1\"><span style=\"font-weight: 400;\">Hidroximetilpentil-ciclo-hexenocarboxalde\u00eddo\u00a0<\/span><\/li>\n<li style=\"font-weight: 400;\" aria-level=\"1\"><span style=\"font-weight: 400;\">Isoeugenol\u00a0<\/span><\/li>\n<li style=\"font-weight: 400;\" aria-level=\"1\"><span style=\"font-weight: 400;\">Lilial\u00a0<\/span><\/li>\n<li style=\"font-weight: 400;\" aria-level=\"1\"><span style=\"font-weight: 400;\">Linalol\u00a0<\/span><\/li>\n<li style=\"font-weight: 400;\" aria-level=\"1\"><span style=\"font-weight: 400;\">Carbonato de metil heptina\u00a0<\/span><\/li>\n<li style=\"font-weight: 400;\" aria-level=\"1\"><span style=\"font-weight: 400;\">Musgo de carvalho\u00a0<\/span><\/li>\n<li style=\"font-weight: 400;\" aria-level=\"1\"><span style=\"font-weight: 400;\">Musgo de \u00e1rvore<\/span><\/li>\n<\/ul>\n<p><span style=\"font-weight: 400;\">O avan\u00e7o dos estudos sobre as fragr\u00e2ncias e o olhar atento de institui\u00e7\u00f5es que trabalham pela sa\u00fade humana n\u00e3o para por aqui. Al\u00e9m desses compostos, atualmente o SCCS colocou em discuss\u00e3o a a\u00e7\u00e3o de 100 subst\u00e2ncias individuais e extratos naturais adicionais como alerg\u00eanicos de contato (estabelecidos ou prov\u00e1veis).<\/span><\/p>\n<h4><span style=\"font-weight: 400;\">Aten\u00e7\u00e3o \u00e0s fragr\u00e2ncias naturais<\/span><\/h4>\n<p><span style=\"font-weight: 400;\">Perceba que os extratos naturais tamb\u00e9m est\u00e3o citados. Isso, porque eles podem ocasionar alergias e outras condi\u00e7\u00f5es na pele, assim como as subst\u00e2ncias sint\u00e9ticas. Tanto que <\/span><a href=\"https:\/\/onlinelibrary.wiley.com\/doi\/abs\/10.1111\/j.1600-0536.2010.01768.x?utm_source=blog&amp;utm_medium=link&amp;utm_campaign=externo&amp;utm_term=estudo-online-library&amp;utm_content=fragrancia-em-cosmeticos\" target=\"_blank\" rel=\"noopener\"><span style=\"font-weight: 400;\">estudos<\/span><\/a><span style=\"font-weight: 400;\"> sugerem a necessidade de teste de contato com \u00f3leos essenciais ao mostrar que as subst\u00e2ncias naturais podem causar rea\u00e7\u00f5es associadas \u00e0 sensibilidade da pele.<\/span><\/p>\n<h3><span style=\"font-weight: 400;\">Corpo: altera\u00e7\u00f5es na homeostase<\/span><\/h3>\n<p><span style=\"font-weight: 400;\">Al\u00e9m das alergias e irrita\u00e7\u00f5es cut\u00e2neas, estudos associam outras condi\u00e7\u00f5es de sa\u00fade com a exposi\u00e7\u00e3o a compostos de fragr\u00e2ncias, como problemas no trato respirat\u00f3rio e disfun\u00e7\u00f5es end\u00f3crinas.<\/span><\/p>\n<h4><span style=\"font-weight: 400;\">Trato respirat\u00f3rio<\/span><\/h4>\n<p><span style=\"font-weight: 400;\">Por serem vol\u00e1teis, as fragr\u00e2ncias entram em contato com o nosso organismo pela inala\u00e7\u00e3o, al\u00e9m da absor\u00e7\u00e3o pela pele, o que pode ocasionar sintomas respirat\u00f3rios ou oculares. Uma <\/span><a href=\"https:\/\/pubmed.ncbi.nlm.nih.gov\/15649270\/?utm_source=blog&amp;utm_medium=link&amp;utm_campaign=externo&amp;utm_term=estudo-pubmed&amp;utm_content=fragrancia-em-cosmeticos\" target=\"_blank\" rel=\"noopener\"><span style=\"font-weight: 400;\">pesquisa<\/span><\/a><span style=\"font-weight: 400;\"> realizada por meio de question\u00e1rio enviado a 1.189 pessoas identificou que 42% dos respondentes relataram sintomas de mucosa (como <\/span><span style=\"font-weight: 400;\">coriza, coceira, secura e irrita\u00e7\u00e3o) <\/span><span style=\"font-weight: 400;\">provocados por produtos de fragr\u00e2ncia, sendo mais prevalente em mulheres e tendo como \u00f3rg\u00e3o mais afetado o nariz. Al\u00e9m disso, todos os sintomas foram mais prevalentes e mais graves em indiv\u00edduos com asma.<\/span><\/p>\n<h4><span style=\"font-weight: 400;\">Sistema end\u00f3crino<\/span><\/h4>\n<p><span style=\"font-weight: 400;\">Os poss\u00edveis efeitos das fragr\u00e2ncias no organismo tamb\u00e9m est\u00e3o associados ao sistema end\u00f3crino. Isso, porque subst\u00e2ncias utilizadas para compor e fixar o perfume dos produtos, como o ftalatos, passaram a ser identificadas em estudos mais recentes como disruptores end\u00f3crinos. Ou seja, s\u00e3o subst\u00e2ncias que interferem nos horm\u00f4nios e podem alterar o funcionamento do nosso organismo.<\/span><\/p>\n<p><span style=\"font-weight: 400;\">Em uma publica\u00e7\u00e3o da <\/span><a href=\"https:\/\/www.endocrine.org\/-\/media\/endocrine\/files\/topics\/edc_guide_2020_v1_6bhqen.pdf?utm_source=blog&amp;utm_medium=link&amp;utm_campaign=externo&amp;utm_term=estudo&amp;utm_content=fragrancia-em-cosmeticos\" target=\"_blank\" rel=\"noopener\"><i><span style=\"font-weight: 400;\">Endocrine Society<\/span><\/i><\/a><span style=\"font-weight: 400;\">, a institui\u00e7\u00e3o afirma que os ftalatos possuem um potencial t\u00f3xico para a sa\u00fade. Estudos em animais e com culturas celulares observaram altera\u00e7\u00f5es em horm\u00f4nios como testosterona e estrog\u00eanio, bloqueio da a\u00e7\u00e3o do horm\u00f4nio tireoidiano e efeitos t\u00f3xicos relacionados \u00e0 reprodu\u00e7\u00e3o, entre outros.\u00a0<\/span><\/p>\n<p><span style=\"font-weight: 400;\">Ainda, algumas pesquisas feitas com seres humanos tamb\u00e9m encontraram associa\u00e7\u00f5es entre a exposi\u00e7\u00e3o aos ftalatos e taxas reduzidas de gravidez, complica\u00e7\u00f5es na gesta\u00e7\u00e3o, anormalidades dos espermatozoides e outros efeitos cardiometab\u00f3licos, como resist\u00eancia \u00e0 insulina, diabetes, aumento da press\u00e3o arterial e dos n\u00edveis de triglicer\u00eddeos.\u00a0<\/span><\/p>\n<p><span style=\"font-weight: 400;\">Por esses motivos, alguns tipos de ftalatos s\u00e3o classificados pela Uni\u00e3o Europeia como t\u00f3xicos para reprodu\u00e7\u00e3o e subst\u00e2ncias de alta preocupa\u00e7\u00e3o, e seu uso em produtos requer autoriza\u00e7\u00e3o.<\/span><\/p>\n<h3><span style=\"font-weight: 400;\">Meio ambiente: ac\u00famulo de res\u00edduos<\/span><\/h3>\n<p><span style=\"font-weight: 400;\">Algumas subst\u00e2ncias qu\u00edmicas utilizadas nas fragr\u00e2ncias s\u00e3o persistentes e se acumulam no meio ambiente. Como exemplo, uma <\/span><a href=\"https:\/\/www.sciencedirect.com\/science\/article\/abs\/pii\/S0013935117311003?via%3Dihub&amp;utm_source=blog&amp;utm_medium=link&amp;utm_campaign=externo&amp;utm_term=pesquisa&amp;utm_content=fragrancia-em-cosmeticos\" target=\"_blank\" rel=\"noopener\"><span style=\"font-weight: 400;\">revis\u00e3o<\/span><\/a><span style=\"font-weight: 400;\"> destacou que al\u00e9rgenos de fragr\u00e2ncias foram detectados em \u00e1guas residuais de duas esta\u00e7\u00f5es de tratamento de \u00e1gua na Espanha, quatro das quais em \u00e1guas residuais ap\u00f3s dois tratamentos, afetando tamb\u00e9m a cadeia alimentar.\u00a0<\/span><\/p>\n<h2><span style=\"font-weight: 400;\">Como identificar as fragr\u00e2ncias nos r\u00f3tulos dos cosm\u00e9ticos?<\/span><\/h2>\n<p><span style=\"font-weight: 400;\">Ter conhecimento da lista de ingredientes e saber ler o <\/span><a href=\"https:\/\/www.noorskin.com.br\/blog\/rotulos-de-cosmeticos\/?utm_source=blog&amp;utm_medium=link&amp;utm_campaign=interno&amp;utm_term=rotulos-de-cosmeticos&amp;utm_content=fragrancia-em-cosmeticos\" target=\"_blank\" rel=\"noopener\"><span style=\"font-weight: 400;\">r\u00f3tulo do cosm\u00e9tico<\/span><\/a><span style=\"font-weight: 400;\"> \u00e9 uma estrat\u00e9gia para evitar o contato com subst\u00e2ncias nocivas utilizadas nas fragr\u00e2ncias, que costumam aparecer descritas como aroma, <\/span><i><span style=\"font-weight: 400;\">fragrance<\/span><\/i><span style=\"font-weight: 400;\"> ou <\/span><i><span style=\"font-weight: 400;\">parfum<\/span><\/i><span style=\"font-weight: 400;\"> nas embalagens.<\/span><\/p>\n<p><span style=\"font-weight: 400;\">Mas a identifica\u00e7\u00e3o geralmente n\u00e3o \u00e9 t\u00e3o simples assim. Muitas marcas usam o nome cient\u00edfico dos compostos das fragr\u00e2ncias. Quer um exemplo? Voltando aos ftalatos, eles aparecem nas embalagens listados como phthalates, dibutylphthalate (DBP), dimethylphthalate (DMP), diethylphthalate (DEP), benzila, butila, dibutila, dioctila, diciclohexila, dietila e diisodecila. Complexo, n\u00e3o \u00e9 mesmo?<\/span><\/p>\n<p><span style=\"font-weight: 400;\">Ainda, algumas empresas optam por n\u00e3o apresentarem a descri\u00e7\u00e3o detalhada das fragr\u00e2ncias na lista de ingredientes por uma quest\u00e3o de \u201csegredo comercial\u201d e porque, legalmente, n\u00e3o s\u00e3o obrigadas a revelar a composi\u00e7\u00e3o. Essas quest\u00f5es acabam dificultando a tarefa de identificar o que vai e o que n\u00e3o vai na formula\u00e7\u00e3o.<\/span><\/p>\n<h3><span style=\"font-weight: 400;\">Fragr\u00e2ncias na mira da EWG<\/span><\/h3>\n<p><span style=\"font-weight: 400;\">A <\/span><a href=\"https:\/\/www.noorskin.com.br\/blog\/ewg\/?utm_source=blog&amp;utm_medium=link&amp;utm_campaign=interno&amp;utm_term=ewg&amp;utm_content=fragrancia-em-cosmeticos\" target=\"_blank\" rel=\"noopener\"><span style=\"font-weight: 400;\">EWG<\/span><\/a><span style=\"font-weight: 400;\"> (<\/span><i><span style=\"font-weight: 400;\">Environmental Working Group<\/span><\/i><span style=\"font-weight: 400;\">) \u00e9 uma institui\u00e7\u00e3o internacional que tem como objetivo proteger a sa\u00fade p\u00fablica e o meio ambiente, e esse trabalho passa pelo mapeamento de produtos e subst\u00e2ncias que possam apresentar toxicidade.<\/span><\/p>\n<p><span style=\"font-weight: 400;\">Na escala de \u201cpontua\u00e7\u00e3o de perigo\u201d da EWG, as <\/span><a href=\"https:\/\/www.ewg.org\/skindeep\/ingredients\/702512-FRAGRANCE\/#about_range?utm_source=blog&amp;utm_medium=link&amp;utm_campaign=externo&amp;utm_term=ewg-skindeep&amp;utm_content=fragrancia-em-cosmeticos\" target=\"_blank\" rel=\"noopener\"><span style=\"font-weight: 400;\">fragr\u00e2ncias<\/span><\/a><span style=\"font-weight: 400;\"> s\u00e3o classificadas como subst\u00e2ncias de alto perigo para alergias e toxicidade. De 1 a 10, est\u00e3o no n\u00edvel 8, atualmente.\u00a0<\/span><\/p>\n<p><span style=\"font-weight: 400;\">Para ajudar os consumidores em suas escolhas, a EWG concede um selo de certifica\u00e7\u00e3o para marcas e produtos livres de ingredientes que s\u00e3o preocupantes para a sa\u00fade e para a natureza, e as fragr\u00e2ncias est\u00e3o entre eles.<\/span><\/p>\n<h2><span style=\"font-weight: 400;\">Cosm\u00e9ticos sem fragr\u00e2ncia: uma escolha a favor da sa\u00fade<\/span><\/h2>\n<p><span style=\"font-weight: 400;\">Colocar aten\u00e7\u00e3o na formula\u00e7\u00e3o dos cosm\u00e9ticos, nos nutrientes que ele cont\u00eam e como v\u00e3o contribuir com a sua pele, pode ser mais eficaz do que optar por um produto que se destaca apenas pelo cheirinho agrad\u00e1vel.\u00a0<\/span><\/p>\n<p><span style=\"font-weight: 400;\">Por isso, na contram\u00e3o dos perfumados produtos de beleza, os cosm\u00e9ticos sem fragr\u00e2ncias est\u00e3o sendo cada vez mais compreendidos e procurados por quem cuida da pele sem abrir m\u00e3o da sa\u00fade, al\u00e9m de acompanharem uma forte tend\u00eancia de consumo: a beleza consciente.<\/span><\/p>\n<p><span style=\"font-weight: 400;\">As marcas que priorizam cosm\u00e9ticos sem fragr\u00e2ncia s\u00e3o mais inclusivas ao desenvolverem produtos que podem ser usados com seguran\u00e7a por quem tem a pele mais sens\u00edvel ou reativa. Tamb\u00e9m, s\u00e3o preocupadas com a transpar\u00eancia ao informarem a composi\u00e7\u00e3o dos cosm\u00e9ticos, e de quais subst\u00e2ncias eles s\u00e3o livres.<\/span><\/p>\n<h3><span style=\"font-weight: 400;\">O \u201caroma\u201d dos produtos sem fragr\u00e2ncia<\/span><\/h3>\n<p><span style=\"font-weight: 400;\">Um detalhe interessante \u00e9 que os cosm\u00e9ticos sem fragr\u00e2ncia n\u00e3o apresentam odor marcante ou ruim na maioria das vezes. Alguns ingredientes da formula\u00e7\u00e3o podem ter um cheiro mais evidente, mesmo suave, mas nada que possa ocasionar uma experi\u00eancia negativa pelo aroma.<\/span><\/p>\n<p><span style=\"font-weight: 400;\">Por fim, a escolha por marcas que sejam transparentes ao descrever a lista de ingredientes e priorizam compostos seguros e com certifica\u00e7\u00f5es reconhecidas, como a EWG, parece ser a melhor dica para desviar de produtos com subst\u00e2ncias que possam causar efeitos prejudiciais \u00e0 sa\u00fade a longo prazo.<\/span><\/p>\n<p><span style=\"font-weight: 400;\">Aqui na Noorskin, todos os nossos cosm\u00e9ticos s\u00e3o sem fragr\u00e2ncias e s\u00e3o certificados pela EWG. Confira a <\/span><a href=\"https:\/\/www.noorskin.com.br\/produtos?utm_source=blog&amp;utm_medium=link&amp;utm_campaign=interno&amp;utm_term=produtos&amp;utm_content=fragrancia-em-cosmeticos\" target=\"_blank\" rel=\"noopener\"><span style=\"font-weight: 400;\">nossa vitrine<\/span><\/a><span style=\"font-weight: 400;\"> no site da institui\u00e7\u00e3o e siga explorando esse universo onde beleza e sa\u00fade se encontram.<\/span>[\/vc_column_text][\/vc_column][\/vc_row][vc_row][vc_column][vc_tta_accordion style=&#8221;modern&#8221; c_icon=&#8221;chevron&#8221; c_position=&#8221;right&#8221; active_section=&#8221;55&#8243; collapsible_all=&#8221;true&#8221; el_class=&#8221;acordeon-posts&#8221;][vc_tta_section title=&#8221;Refer\u00eancias&#8221; tab_id=&#8221;1681139197023-ba625f4b-7e4b&#8221; el_class=&#8221;referencias-post&#8221;][vc_column_text]<span style=\"font-weight: 400;\">CUESTA, Laura et al. Fragrance contact allergy: a 4\u2830year retrospective study. <\/span><b>Contact Dermatitis<\/b><span style=\"font-weight: 400;\">, 2010.<\/span><\/p>\n<p><span style=\"font-weight: 400;\">ELBERLING, J. et al. Mucosal symptoms elicited by fragrance products in a population\u2010based sample in relation to atopy and bronchial hyper\u2010reactivity. <\/span><b>Clinical &amp; Experimental Allergy<\/b><span style=\"font-weight: 400;\">, 2005.<\/span><\/p>\n<p><span style=\"font-weight: 400;\">ENDOCRINE SOCIETY. <\/span><b>Plastics, EDCs &amp; health<\/b><span style=\"font-weight: 400;\">. 2020.\u00a0<\/span><\/p>\n<p><span style=\"font-weight: 400;\">ENVIRONMENTAL WORKING GROUP (EWG). <\/span><b>Fragrance<\/b><span style=\"font-weight: 400;\">. 2023.\u00a0<\/span><\/p>\n<p><span style=\"font-weight: 400;\">ESTADOS UNIDOS. FOOD AND DRUG ADMINISTRATION (FDA). <\/span><b>Fragrances in Cosmetics<\/b><span style=\"font-weight: 400;\">. 2022.<\/span><\/p>\n<p><span style=\"font-weight: 400;\">European Comission. <\/span><b>Perfume Allergies<\/b><span style=\"font-weight: 400;\">. 2012.\u00a0<\/span><\/p>\n<p><span style=\"font-weight: 400;\">European Comission. <\/span><b>Scientific Committee on Consumer Safety (SCCS)<\/b><span style=\"font-weight: 400;\">. 2023.\u00a0\u00a0<\/span><\/p>\n<p><span style=\"font-weight: 400;\">GON\u00c7ALVES, Gisele Mara Silva et al. Influence of the presence and type of fragrance on the sensory perception of cosmetic formulations. <\/span><b>Brazilian Archives Of Biology And Technology<\/b><span style=\"font-weight: 400;\">, 2013.<\/span><\/p>\n<p><span style=\"font-weight: 400;\">PINKAS, Adi; GON\u00c7ALVES, Cinara Ludvig; ASCHNER, Michael. Neurotoxicity of fragrance compounds: a review. <\/span><b>Environmental Research<\/b><span style=\"font-weight: 400;\">, 2017.<\/span><\/p>\n<p><span style=\"font-weight: 400;\">UTER, Wolfgang et al. Contact allergy to essential oils: current patch test results (2000-2008) from the information network of departments of dermatology (IVDK)*. <\/span><b>Contact Dermatitis<\/b><span style=\"font-weight: 400;\">, 2010.<\/span>[\/vc_column_text][\/vc_tta_section][\/vc_tta_accordion][\/vc_column][\/vc_row][vc_row el_id=&#8221;bloco-produtos&#8221;][vc_column][vc_basic_grid post_type=&#8221;product&#8221; max_items=&#8221;4&#8243; element_width=&#8221;3&#8243; gap=&#8221;15&#8243; orderby=&#8221;title&#8221; item=&#8221;2842&#8243; grid_id=&#8221;vc_gid:1701776530799-2f631035-ab37-7&#8243; el_class=&#8221;post-grid-produtos&#8221; taxonomies=&#8221;62, 54, 66, 63&#8243;][\/vc_column][\/vc_row]<\/p>\n<\/div>","protected":false},"excerpt":{"rendered":"<p>Algumas pessoas nem imaginam que a fragr\u00e2ncia utilizada nos cosm\u00e9ticos pode ser o motivo de alergias e irrita\u00e7\u00f5es na pele. Por aqui, n\u00f3s aprofundamos o assunto e explicamos por que \u00e9 importante colocar aten\u00e7\u00e3o nessas subst\u00e2ncias.<\/p>\n","protected":false},"author":2,"featured_media":5482,"comment_status":"closed","ping_status":"closed","sticky":false,"template":"","format":"standard","meta":{"inline_featured_image":false,"footnotes":""},"categories":[59],"tags":[10,14,17,21],"class_list":["post-5479","post","type-post","status-publish","format-standard","has-post-thumbnail","hentry","category-mind","tag-fashion","tag-lifestyle","tag-news","tag-style"],"_links":{"self":[{"href":"https:\/\/www.noorskin.com.br\/blog\/wp-json\/wp\/v2\/posts\/5479","targetHints":{"allow":["GET"]}}],"collection":[{"href":"https:\/\/www.noorskin.com.br\/blog\/wp-json\/wp\/v2\/posts"}],"about":[{"href":"https:\/\/www.noorskin.com.br\/blog\/wp-json\/wp\/v2\/types\/post"}],"author":[{"embeddable":true,"href":"https:\/\/www.noorskin.com.br\/blog\/wp-json\/wp\/v2\/users\/2"}],"replies":[{"embeddable":true,"href":"https:\/\/www.noorskin.com.br\/blog\/wp-json\/wp\/v2\/comments?post=5479"}],"version-history":[{"count":6,"href":"https:\/\/www.noorskin.com.br\/blog\/wp-json\/wp\/v2\/posts\/5479\/revisions"}],"predecessor-version":[{"id":5555,"href":"https:\/\/www.noorskin.com.br\/blog\/wp-json\/wp\/v2\/posts\/5479\/revisions\/5555"}],"wp:featuredmedia":[{"embeddable":true,"href":"https:\/\/www.noorskin.com.br\/blog\/wp-json\/wp\/v2\/media\/5482"}],"wp:attachment":[{"href":"https:\/\/www.noorskin.com.br\/blog\/wp-json\/wp\/v2\/media?parent=5479"}],"wp:term":[{"taxonomy":"category","embeddable":true,"href":"https:\/\/www.noorskin.com.br\/blog\/wp-json\/wp\/v2\/categories?post=5479"},{"taxonomy":"post_tag","embeddable":true,"href":"https:\/\/www.noorskin.com.br\/blog\/wp-json\/wp\/v2\/tags?post=5479"}],"curies":[{"name":"wp","href":"https:\/\/api.w.org\/{rel}","templated":true}]}}