{"id":5968,"date":"2025-03-12T13:53:23","date_gmt":"2025-03-12T16:53:23","guid":{"rendered":"https:\/\/www.noorskin.com.br\/blog\/?p=5968"},"modified":"2026-01-21T11:39:35","modified_gmt":"2026-01-21T14:39:35","slug":"conexao-mente-e-pele","status":"publish","type":"post","link":"https:\/\/www.noorskin.com.br\/blog\/conexao-mente-e-pele\/","title":{"rendered":"A ci\u00eancia por tr\u00e1s da conex\u00e3o mente e pele"},"content":{"rendered":"<div class=\"wpb-content-wrapper\"><p>[vc_row][\/vc_row][vc_column][\/vc_column][vc_column_text css=&#8221;&#8221;]<\/p>\n<p><span style=\"font-weight: 400;\">Ao mesmo tempo que se trata do limite entre o corpo e o universo, a pele tamb\u00e9m funciona como uma janela para o nosso interior. Por isso, a manifesta\u00e7\u00e3o da beleza natural vai al\u00e9m do uso de cosm\u00e9ticos ou da realiza\u00e7\u00e3o de procedimentos est\u00e9ticos. Ela \u00e9 o reflexo do nosso bem-estar geral e envolve a sa\u00fade f\u00edsica, emocional e mental.<\/span><\/p>\n<p><span style=\"font-weight: 400;\">Continue a leitura para entender como se estabelece a conex\u00e3o mente e pele, quais s\u00e3o os fatores que interferem nessa rela\u00e7\u00e3o e dicas pr\u00e1ticas para manter o corpo e a mente em harmonia.<\/span><\/p>\n<h2><span style=\"font-weight: 400;\">Como acontece a conex\u00e3o entre mente e pele?<\/span><\/h2>\n<p><span style=\"font-weight: 400;\">As c\u00e9lulas da pele e as do sistema nervoso compartilham a mesma origem durante o desenvolvimento embrion\u00e1rio, ou seja, elas t\u00eam uma liga\u00e7\u00e3o comum desde o comecinho da nossa vida, l\u00e1 no \u00fatero.<\/span><\/p>\n<p><span style=\"font-weight: 400;\">Essa rela\u00e7\u00e3o biol\u00f3gica se reflete em como a pele responde a fatores fisiol\u00f3gicos e emocionais ao longo da vida, como o estresse ou a felicidade. Por isso, a ideia de que a mente e as emo\u00e7\u00f5es influenciam a sa\u00fade cut\u00e2nea n\u00e3o \u00e9 apenas uma teoria. H\u00e1 evid\u00eancias cient\u00edficas que demonstram como essa rela\u00e7\u00e3o ocorre, assim como seus efeitos.<\/span><\/p>\n<h3><span style=\"font-weight: 400;\">O estresse e as emo\u00e7\u00f5es na pele<\/span><\/h3>\n<p><span style=\"font-weight: 400;\">Quando estamos sob estresse, nosso c\u00e9rebro envia sinais para o corpo entrar em modo &#8220;alerta&#8221;. Esse processo envolve uma &#8220;linha de comando&#8221; chamada eixo hipot\u00e1lamo-hip\u00f3fise-adrenal (HPA) que ativa os sistemas nervoso e end\u00f3crino e libera subst\u00e2ncias qu\u00edmicas para ajudar o corpo a responder a esse desequil\u00edbrio.<\/span><\/p>\n<p><span style=\"font-weight: 400;\">No caso da pele, a rea\u00e7\u00e3o ao <\/span><a href=\"https:\/\/pmc.ncbi.nlm.nih.gov\/articles\/PMC8480446\/?utm_source=blog&amp;utm_medium=link&amp;utm_campaign=externo&amp;utm_term=estudo&amp;utm_content=conexao-mente-corpo-pele\" target=\"_blank\" rel=\"noopener\"><span style=\"font-weight: 400;\">estresse<\/span><\/a><span style=\"font-weight: 400;\"> envolve c\u00e9lulas do sistema imunol\u00f3gico, horm\u00f4nios (principalmente o cortisol) e outras subst\u00e2ncias qu\u00edmicas do corpo. Essas c\u00e9lulas ajudam a controlar inflama\u00e7\u00f5es na pele, equilibrando efeitos que podem aumentar ou diminuir essa rea\u00e7\u00e3o.<\/span><\/p>\n<p><span style=\"font-weight: 400;\">Por isso, entre os <\/span><a href=\"https:\/\/www.essentialnutrition.com.br\/conteudos\/sintomas-do-estresse-na-pele\/?utm_source=blog&amp;utm_medium=link&amp;utm_campaign=externo&amp;utm_term=sintomas-do-estresse-na-pele&amp;utm_content=conexao-mente-corpo-pele\" target=\"_blank\" rel=\"noopener\"><span style=\"font-weight: 400;\">sintomas<\/span><\/a><span style=\"font-weight: 400;\"> que podem ser desencadeados ou piorados pelo estresse e a ansiedade est\u00e3o a acne, a ros\u00e1cea, a psor\u00edase, a dermatite at\u00f3pica, entre outras. Al\u00e9m disso, o estresse cr\u00f4nico pode afetar a capacidade da pele de se regenerar, comprometendo a barreira cut\u00e2nea, dificultando o processo de cicatriza\u00e7\u00e3o e favorecendo o envelhecimento precoce.<\/span><\/p>\n<h3><span style=\"font-weight: 400;\">A influ\u00eancia dos horm\u00f4nios<\/span><\/h3>\n<p><span style=\"font-weight: 400;\">Os horm\u00f4nios atuam como mediadores-chave na conex\u00e3o entre mente e pele. Curiosamente, as c\u00e9lulas cut\u00e2neas, como os queratin\u00f3citos (c\u00e9lulas que formam a camada externa da pele) e os fibroblastos, tamb\u00e9m respondem aos horm\u00f4nios do estresse, mostrando que a pele est\u00e1 conectada ao sistema nervoso.<\/span><\/p>\n<p><span style=\"font-weight: 400;\">Isso acontece porque essas c\u00e9lulas possuem &#8220;antenas&#8221; (receptores) para neurotransmissores, como adrenalina, dopamina e histamina, que podem ativar ou influenciar as rea\u00e7\u00f5es cut\u00e2neas, como a renova\u00e7\u00e3o celular.<\/span><\/p>\n<p><span style=\"font-weight: 400;\">Logo, em condi\u00e7\u00f5es como dermatite at\u00f3pica, psor\u00edase e acne, o estresse pode piorar os sintomas porque o corpo reage de forma exagerada, aumentando a inflama\u00e7\u00e3o. Esse desequil\u00edbrio tamb\u00e9m interfere na produ\u00e7\u00e3o de serotonina, o que pode explicar a liga\u00e7\u00e3o entre doen\u00e7as de pele e sintomas como <\/span><a href=\"https:\/\/pmc.ncbi.nlm.nih.gov\/articles\/PMC9907588\/?utm_source=blog&amp;utm_medium=link&amp;utm_campaign=externo&amp;utm_term=estudo&amp;utm_content=conexao-mente-corpo-pele\" target=\"_blank\" rel=\"noopener\"><span style=\"font-weight: 400;\">ansiedade<\/span><\/a><span style=\"font-weight: 400;\"> ou depress\u00e3o, resultando em um ciclo vicioso. Ou seja, o estresse prejudica a pele e os problemas na pele podem aumentar o estresse.<\/span><\/p>\n<h3><span style=\"font-weight: 400;\">O sono da beleza<\/span><\/h3>\n<p><span style=\"font-weight: 400;\">Outro fator que pode ser afetado pelo estresse \u00e9 o sono, essencial para a sa\u00fade mental e f\u00edsica, incluindo a pele. Com certeza voc\u00ea j\u00e1 ouviu a express\u00e3o \u201csono da beleza\u201d, certo? Ela est\u00e1 relacionada ao processo de regenera\u00e7\u00e3o e repara\u00e7\u00e3o celular que a pele passa durante \u00e0 noite, respons\u00e1vel por revigorar e melhorar a sua apar\u00eancia, al\u00e9m de restabelecer as fibras de col\u00e1geno perdidas.\u00a0<\/span><\/p>\n<p><span style=\"font-weight: 400;\">E nem precisa ficar muitas noites sem dormir para observar os efeitos, como mostra uma pesquisa sobre <\/span><a href=\"https:\/\/www.sciencedirect.com\/science\/article\/pii\/S1389945721005761?via%3Dihub#tbl1&amp;utm_source=blog&amp;utm_medium=link&amp;utm_campaign=externo&amp;utm_term=estudo&amp;utm_content=conexao-mente-corpo-pele\" target=\"_blank\" rel=\"noopener\"><span style=\"font-weight: 400;\">o impacto da restri\u00e7\u00e3o do sono nos par\u00e2metros da pele e na apar\u00eancia facial<\/span><\/a><span style=\"font-weight: 400;\">, realizada com 24 mulheres saud\u00e1veis, com idades entre 30 e 55 anos. De acordo com o estudo, uma restri\u00e7\u00e3o de sono de apenas duas noites \u00e9 o suficiente para identificar altera\u00e7\u00f5es importantes na hidrata\u00e7\u00e3o, na perda de \u00e1gua transepid\u00e9rmica, na elasticidade, no pH e na luminosidade da pele e nas olheiras.<\/span><\/p>\n<p><span style=\"font-weight: 400;\">Ainda, sobre o sono e a apar\u00eancia cut\u00e2nea, outro estudo realizado com 60 mulheres saud\u00e1veis avaliou como a <\/span><a href=\"https:\/\/pubmed.ncbi.nlm.nih.gov\/25266053\/?utm_source=blog&amp;utm_medium=link&amp;utm_campaign=externo&amp;utm_term=estudo&amp;utm_content=conexao-mente-corpo-pele\" target=\"_blank\" rel=\"noopener\"><span style=\"font-weight: 400;\">m\u00e1 qualidade do sono afeta o envelhecimento da pele<\/span><\/a><span style=\"font-weight: 400;\">. Os resultados indicaram o aumento nos sinais de envelhecimento, como rugas, linhas finas e olheiras, redu\u00e7\u00e3o da fun\u00e7\u00e3o de barreira e menor satisfa\u00e7\u00e3o com a apar\u00eancia.\u00a0<\/span><\/p>\n<h3><span style=\"font-weight: 400;\">O eixo intestino-pele<\/span><\/h3>\n<p><span style=\"font-weight: 400;\">A microbiota intestinal tamb\u00e9m desempenha um papel vital na regula\u00e7\u00e3o do sistema imunol\u00f3gico, al\u00e9m da digest\u00e3o e da prote\u00e7\u00e3o do organismo contra pat\u00f3genos. Por isso, quando ocorre um desequil\u00edbrio nesse microbioma, devido ao estresse ou a dietas inadequadas, o corpo pode apresentar algumas rea\u00e7\u00f5es que impactam na homeostase <\/span><a href=\"https:\/\/pmc.ncbi.nlm.nih.gov\/articles\/PMC9311318\/?utm_source=blog&amp;utm_medium=link&amp;utm_campaign=externo&amp;utm_term=estudo&amp;utm_content=conexao-mente-corpo-pele\" target=\"_blank\" rel=\"noopener\"><span style=\"font-weight: 400;\">intestino-pele<\/span><\/a><span style=\"font-weight: 400;\">.\u00a0\u00a0<\/span><\/p>\n<p><span style=\"font-weight: 400;\">Essas rea\u00e7\u00f5es variam desde problemas gastrointestinais at\u00e9 o desenvolvimento ou agravamento de condi\u00e7\u00f5es de pele como acne, ros\u00e1cea, psor\u00edase, dermatite at\u00f3pica, entre outras.<\/span><\/p>\n<h2><span style=\"font-weight: 400;\">Quais s\u00e3o os sinais quando h\u00e1 um desequil\u00edbrio entre mente e pele?<\/span><\/h2>\n<p><span style=\"font-weight: 400;\">Resumindo, quando a mente e o corpo n\u00e3o est\u00e3o interagindo da forma como deveriam, os sinais desse desequil\u00edbrio refletem na apar\u00eancia e na sa\u00fade cut\u00e2nea. Entre eles est\u00e3o:<\/span><\/p>\n<ul>\n<li style=\"font-weight: 400;\" aria-level=\"1\"><span style=\"font-weight: 400;\">pele sem brilho ou opaca;<\/span><\/li>\n<li style=\"font-weight: 400;\" aria-level=\"1\"><span style=\"font-weight: 400;\">fun\u00e7\u00e3o de <\/span><a href=\"https:\/\/www.noorskin.com.br\/blog\/barreira-cutanea\/?utm_source=blog&amp;utm_medium=link&amp;utm_campaign=interno&amp;utm_term=barreira-cutanea&amp;utm_content=conexao-mente-corpo-pele\" target=\"_blank\" rel=\"noopener\"><span style=\"font-weight: 400;\">barreira<\/span><\/a><span style=\"font-weight: 400;\"> prejudicada;<\/span><\/li>\n<li style=\"font-weight: 400;\" aria-level=\"1\"><span style=\"font-weight: 400;\">aumento de oleosidade ou ressecamento;<\/span><\/li>\n<li style=\"font-weight: 400;\" aria-level=\"1\"><span style=\"font-weight: 400;\">sensibilidade elevada;<\/span><\/li>\n<li style=\"font-weight: 400;\" aria-level=\"1\"><span style=\"font-weight: 400;\">cicatriza\u00e7\u00e3o lenta;<\/span><\/li>\n<li style=\"font-weight: 400;\" aria-level=\"1\"><span style=\"font-weight: 400;\">sinais de envelhecimento mais aparentes;<\/span><\/li>\n<li style=\"font-weight: 400;\" aria-level=\"1\"><span style=\"font-weight: 400;\">acne e irrita\u00e7\u00f5es recorrentes;<\/span><\/li>\n<li style=\"font-weight: 400;\" aria-level=\"1\"><span style=\"font-weight: 400;\">surgimento ou agravamento de doen\u00e7as de pele.<\/span><\/li>\n<\/ul>\n<p><span style=\"font-weight: 400;\">Esses sinais podem ser tratados de diversas formas, mas muitas vezes indicam que algo precisa ser ajustado no equil\u00edbrio entre corpo, mente e emo\u00e7\u00f5es.<\/span><\/p>\n<h2><span style=\"font-weight: 400;\">Como equilibrar corpo e mente para beneficiar a pele?<\/span><\/h2>\n<p><span style=\"font-weight: 400;\">Uma \u00e1rea interdisciplinar da medicina que estuda a rela\u00e7\u00e3o entre as condi\u00e7\u00f5es da pele e os fatores psicol\u00f3gicos e emocionais \u00e9 a psicodermatologia. Ela combina elementos da dermatologia e da psicologia para compreender como o estresse, a ansiedade, a depress\u00e3o e outros fatores emocionais podem afetar a sa\u00fade da pele, e vice-versa.<\/span><\/p>\n<p><span style=\"font-weight: 400;\">Com uma abordagem hol\u00edstica, a psicodermatologia considera t\u00e9cnicas de relaxamento, terapia cognitivo-comportamental e mudan\u00e7as no estilo de vida, al\u00e9m do uso de medicamentos (quando necess\u00e1rio), como forma de tratamento para condi\u00e7\u00f5es de pele associadas a quest\u00f5es psicol\u00f3gicas.<\/span><\/p>\n<h3><span style=\"font-weight: 400;\">A tend\u00eancia \u201cNeuroGlow\u201d<\/span><\/h3>\n<p><span style=\"font-weight: 400;\">Nesse contexto tamb\u00e9m surge o &#8220;NeuroGlow&#8221;, um conceito que est\u00e1 ganhando for\u00e7a ao unir neuroci\u00eancia e cuidados com a pele. Ele sugere uma abordagem mais ampla de beleza, considerando que ela come\u00e7a no bem-estar mental.<\/span><\/p>\n<p><span style=\"font-weight: 400;\">Aqui, produtos como os neurocosm\u00e9ticos e rotinas que estimulam sensa\u00e7\u00f5es positivas, reduzem o estresse e promovem relaxamento ganham espa\u00e7o. Elas ajudam tanto na apar\u00eancia quanto no equil\u00edbrio emocional, refor\u00e7ando a ideia de que a sa\u00fade da pele depende tanto de fatores externos quanto internos e criando uma experi\u00eancia de autocuidado mais completa.<\/span><\/p>\n<h2><span style=\"font-weight: 400;\">3 dicas para restabelecer o equil\u00edbrio entre mente e pele<\/span><\/h2>\n<p><span style=\"font-weight: 400;\">Como sugere a psicodermatologia, restabelecer esse equil\u00edbrio envolve cuidar da pele de forma hol\u00edstica, incluindo pr\u00e1ticas que promovam o bem-estar f\u00edsico e mental. Entre elas:<\/span><\/p>\n<h3><span style=\"font-weight: 400;\">1. Adotar rotinas de <\/span><i><span style=\"font-weight: 400;\">skincare<\/span><\/i><span style=\"font-weight: 400;\"> e <\/span><i><span style=\"font-weight: 400;\">bodycare <\/span><\/i><span style=\"font-weight: 400;\">(e transform\u00e1-las em rituais de conex\u00e3o sempre que poss\u00edvel)<\/span><\/h3>\n<p><span style=\"font-weight: 400;\">Essa \u00e9 uma forma poderosa para equilibrar a conex\u00e3o entre mente e pele, transformando cuidados di\u00e1rios em momentos de autocuidado e bem-estar. Pr\u00e1ticas como essas permitem uma pausa na correria do dia a dia, proporcionando instantes de aten\u00e7\u00e3o plena e relaxamento, enquanto o toque dos dedos e a textura agrad\u00e1vel dos produtos criam experi\u00eancias sensoriais que estimulam os sentidos.<\/span><\/p>\n<p><span style=\"font-weight: 400;\">Al\u00e9m disso, o ato de cuidar da pele e do corpo promove uma sensa\u00e7\u00e3o de autocontrole e autoestima, ajudando a aliviar o estresse e melhorando a comunica\u00e7\u00e3o entre o sistema nervoso e a sa\u00fade da pele. Essa pr\u00e1tica di\u00e1ria n\u00e3o apenas melhora a apar\u00eancia f\u00edsica, mas tamb\u00e9m fortalece o v\u00ednculo emocional com o pr\u00f3prio corpo.<\/span><\/p>\n<h3><span style=\"font-weight: 400;\">2. Cuidar da sua pele e do seu corpo tamb\u00e9m de dentro para fora<\/span><\/h3>\n<p><span style=\"font-weight: 400;\">Se a pele \u00e9 o reflexo do que acontece dentro do organismo, adotar uma alimenta\u00e7\u00e3o saud\u00e1vel e rica em nutrientes \u00e9 essencial para o bem-estar do corpo como um todo, bem como para revelar a sua beleza natural.<\/span><\/p>\n<p><span style=\"font-weight: 400;\">Cuidados como manter uma alimenta\u00e7\u00e3o equilibrada e a ingest\u00e3o adequada de \u00e1gua podem contribuir para fortalecer a pele, reduzir inflama\u00e7\u00f5es, combater os efeitos do estresse, como o surgimento de linhas de express\u00e3o, entre outros benef\u00edcios. Ainda, os <\/span><a href=\"https:\/\/www.noorskin.com.br\/blog\/nutricosmeticos\/?utm_source=blog&amp;utm_medium=link&amp;utm_campaign=interno&amp;utm_term=nutricosmeticos&amp;utm_content=conexao-mente-corpo-pele\" target=\"_blank\" rel=\"noopener\"><span style=\"font-weight: 400;\">nutricosm\u00e9ticos<\/span><\/a><span style=\"font-weight: 400;\"> podem ser grandes aliados da nutri\u00e7\u00e3o da pele de dentro para fora, potencializando os resultados dos cosm\u00e9ticos de uso t\u00f3pico.<\/span><\/p>\n<h3><span style=\"font-weight: 400;\">3. Dar aten\u00e7\u00e3o \u00e0 sa\u00fade f\u00edsica e mental<\/span><\/h3>\n<p><span style=\"font-weight: 400;\">Para complementar, pr\u00e1ticas como medita\u00e7\u00e3o, atividade f\u00edsica, momentos de descanso e rotina de sono adequada contribuem para equilibrar os horm\u00f4nios e melhorar a sa\u00fade mental, reduzindo impactos negativos sobre a pele, como acne e sensibilidade. Esse cuidado integrado ajuda a criar um ciclo positivo, no qual um corpo nutrido e equilibrado favorece uma mente mais tranquila e uma pele mais saud\u00e1vel.<\/span><\/p>\n<p><span style=\"font-weight: 400;\">Por fim, \u00e9 poss\u00edvel restaurar o equil\u00edbrio entre mente e pele com pequenas mudan\u00e7as, como incorporar t\u00e9cnicas de aten\u00e7\u00e3o plena nos seus momentos de autocuidado. Nesse sentido, que tal saber mais sobre <\/span><a href=\"https:\/\/www.noorskin.com.br\/blog\/mindful-skincare\/?utm_source=blog&amp;utm_medium=link&amp;utm_campaign=interno&amp;utm_term=mindful-skincare&amp;utm_content=conexao-mente-corpo-pele\" target=\"_blank\" rel=\"noopener\"><i><span style=\"font-weight: 400;\">Mindful Skincare Routine<\/span><\/i><\/a><span style=\"font-weight: 400;\">? Entenda os benef\u00edcios dessa pr\u00e1tica e como incluir na sua rotina para manter uma pele saud\u00e1vel e radiante todos os dias.[\/vc_column_text][\/vc_column][\/vc_row][vc_row][vc_column][vc_tta_accordion c_icon=&#8221;chevron&#8221; c_position=&#8221;right&#8221; active_section=&#8221;55&#8243; el_class=&#8221;acordeon-posts&#8221;][vc_tta_section title=&#8221;Refer\u00eancias&#8221; tab_id=&#8221;1703076275850-57bc857f-bf69&#8243; el_class=&#8221;referencias-post&#8221;][vc_column_text css=&#8221;&#8221;]<\/span><span style=\"font-weight: 400;\">GRAUBARD R, et al. <\/span><b>Stress and skin: an overview of mind body therapies as a treatment strategy in dermatology.<\/b><span style=\"font-weight: 400;\"> Dermatology Practical Conceptual, 2021. Dispon\u00edvel em: &lt;https:\/\/pmc.ncbi.nlm.nih.gov\/articles\/PMC8480446. Acesso em: 27 de dezembro de 2024.<\/span><\/p>\n<p><span style=\"font-weight: 400;\">MANAV V, et al. <\/span><b>Association between biophysical properties and anxiety in patients with sensitive skin.<\/b><span style=\"font-weight: 400;\"> Skin Research Technology, 2022. Dispon\u00edvel em: &lt;https:\/\/pmc.ncbi.nlm.nih.gov\/articles\/PMC9907588\/&gt;. Acesso em: 27 de dezembro de 2024.<\/span><span style=\"font-weight: 400;\">\u00a0<\/span><\/p>\n<p><span style=\"font-weight: 400;\">L\u00c9GER D, et al. <\/span><b>\u201cYou look sleepy\u2026\u201d The impact of sleep restriction on skin parameters and facial appearance of 24 women. <\/b><span style=\"font-weight: 400;\">Sleep Medicine, 2022. Dispon\u00edvel em: &lt;https:\/\/www.sciencedirect.com\/science\/article\/pii\/S1389945721005761&gt;. Acesso em: 27 de dezembro de 2024.<\/span><\/p>\n<p><span style=\"font-weight: 400;\">OYETAKIN-WHITE P, et al.<\/span><b> Does poor sleep quality affect skin ageing?<\/b><span style=\"font-weight: 400;\"> Clinical and Experimental Dermatology, 2015. Dispon\u00edvel em: &lt;https:\/\/pubmed.ncbi.nlm.nih.gov\/25266053\/&gt;. Acesso em: 27 de dezembro de 2024.<\/span><\/p>\n<p><span style=\"font-weight: 400;\">MAHMUD MR, et al. <\/span><b>Impact of gut microbiome on skin health: gut-skin axis observed through the lenses of therapeutics and skin diseases.<\/b><span style=\"font-weight: 400;\"> Gut Microbes, 2022. Dispon\u00edvel: &lt;https:\/\/pmc.ncbi.nlm.nih.gov\/articles\/PMC9311318\/&gt;. Acesso em: 27 de dezembro de 2024.<\/span><span style=\"font-weight: 400;\">[\/vc_column_text][\/vc_tta_section][\/vc_tta_accordion][\/vc_column][\/vc_row][vc_row el_id=&#8221;bloco-produtos&#8221;][vc_column][vc_basic_grid post_type=&#8221;product&#8221; max_items=&#8221;4&#8243; element_width=&#8221;3&#8243; gap=&#8221;15&#8243; orderby=&#8221;title&#8221; item=&#8221;2842&#8243; css=&#8221;&#8221; grid_id=&#8221;vc_gid:1741625321704-142b696d-db26-9&#8243; el_class=&#8221;post-grid-produtos&#8221; taxonomies=&#8221;69, 63, 73, 72&#8243;][\/vc_column][\/vc_row]<\/span><\/p>\n<\/div>","protected":false},"excerpt":{"rendered":"<p>A pele \u00e9 muito mais do que uma camada de prote\u00e7\u00e3o. Ela \u00e9 um reflexo direto do que acontece dentro do nosso corpo e da nossa mente. Mas como isso funciona? Descubra o que diz a ci\u00eancia sobre essa conex\u00e3o e como us\u00e1-la a seu favor.<\/p>\n","protected":false},"author":5,"featured_media":5971,"comment_status":"closed","ping_status":"closed","sticky":false,"template":"","format":"standard","meta":{"inline_featured_image":false,"footnotes":""},"categories":[59,58],"tags":[10,14,17,21],"class_list":["post-5968","post","type-post","status-publish","format-standard","has-post-thumbnail","hentry","category-mind","category-soul","tag-fashion","tag-lifestyle","tag-news","tag-style"],"_links":{"self":[{"href":"https:\/\/www.noorskin.com.br\/blog\/wp-json\/wp\/v2\/posts\/5968","targetHints":{"allow":["GET"]}}],"collection":[{"href":"https:\/\/www.noorskin.com.br\/blog\/wp-json\/wp\/v2\/posts"}],"about":[{"href":"https:\/\/www.noorskin.com.br\/blog\/wp-json\/wp\/v2\/types\/post"}],"author":[{"embeddable":true,"href":"https:\/\/www.noorskin.com.br\/blog\/wp-json\/wp\/v2\/users\/5"}],"replies":[{"embeddable":true,"href":"https:\/\/www.noorskin.com.br\/blog\/wp-json\/wp\/v2\/comments?post=5968"}],"version-history":[{"count":8,"href":"https:\/\/www.noorskin.com.br\/blog\/wp-json\/wp\/v2\/posts\/5968\/revisions"}],"predecessor-version":[{"id":6000,"href":"https:\/\/www.noorskin.com.br\/blog\/wp-json\/wp\/v2\/posts\/5968\/revisions\/6000"}],"wp:featuredmedia":[{"embeddable":true,"href":"https:\/\/www.noorskin.com.br\/blog\/wp-json\/wp\/v2\/media\/5971"}],"wp:attachment":[{"href":"https:\/\/www.noorskin.com.br\/blog\/wp-json\/wp\/v2\/media?parent=5968"}],"wp:term":[{"taxonomy":"category","embeddable":true,"href":"https:\/\/www.noorskin.com.br\/blog\/wp-json\/wp\/v2\/categories?post=5968"},{"taxonomy":"post_tag","embeddable":true,"href":"https:\/\/www.noorskin.com.br\/blog\/wp-json\/wp\/v2\/tags?post=5968"}],"curies":[{"name":"wp","href":"https:\/\/api.w.org\/{rel}","templated":true}]}}