{"id":6001,"date":"2025-03-19T14:38:20","date_gmt":"2025-03-19T17:38:20","guid":{"rendered":"https:\/\/www.noorskin.com.br\/blog\/?p=6001"},"modified":"2026-01-21T11:39:31","modified_gmt":"2026-01-21T14:39:31","slug":"sono-da-beleza","status":"publish","type":"post","link":"https:\/\/www.noorskin.com.br\/blog\/sono-da-beleza\/","title":{"rendered":"Sono da beleza: dormir bem realmente \u00e9 bom para a pele?"},"content":{"rendered":"<div class=\"wpb-content-wrapper\"><p>[vc_row][vc_column][vc_column_text css=&#8221;&#8221;]<span style=\"font-weight: 400;\">Uma boa noite de sono n\u00e3o \u00e9 apenas uma quest\u00e3o de descanso, mas de sa\u00fade f\u00edsica e <\/span><a href=\"https:\/\/pmc.ncbi.nlm.nih.gov\/articles\/PMC8651630\/?utm_source=blog&amp;utm_medium=link&amp;utm_campaign=externo&amp;utm_term=estudo&amp;utm_content=sono-da-beleza\" target=\"_blank\" rel=\"noopener\"><span style=\"font-weight: 400;\">mental<\/span><\/a><span style=\"font-weight: 400;\">. Al\u00e9m de regenerar o organismo como um todo, a pele tamb\u00e9m \u00e9 beneficiada, tornando o famoso \u201csono da beleza\u201d mais real do que voc\u00ea imagina.\u00a0<\/span><\/p>\n<p><span style=\"font-weight: 400;\">Continue com a gente e descubra como noites bem dormidas podem transformar a sua rotina de cuidados e entenda a import\u00e2ncia do sono de qualidade para potencializar a beleza natural, a sa\u00fade e o bem-estar da pele e do corpo.<\/span><\/p>\n<h2><span style=\"font-weight: 400;\">O que \u00e9 o sono da beleza?<\/span><\/h2>\n<p><span style=\"font-weight: 400;\">O sono da beleza \u00e9 o per\u00edodo em que o corpo se dedica \u00e0 recupera\u00e7\u00e3o e \u00e0 renova\u00e7\u00e3o celular, ou seja, \u00e9 o momento de recuperar as c\u00e9lulas danificadas pelas agress\u00f5es externas sofridas durante o dia, assim como desenvolver novas para substituir as antigas.\u00a0<\/span><\/p>\n<p><span style=\"font-weight: 400;\">Tamb\u00e9m \u00e9 o momento de <\/span><a href=\"https:\/\/www.nature.com\/articles\/s41556-019-0441-z?utm_source=blog&amp;utm_medium=link&amp;utm_campaign=externo&amp;utm_term=estudo&amp;utm_content=sono-da-beleza\" target=\"_blank\" rel=\"noopener\"><span style=\"font-weight: 400;\">reabastecer as fibras de col\u00e1geno<\/span><\/a><span style=\"font-weight: 400;\">, prote\u00ednas essenciais para a firmeza e a elasticidade da pele.\u00a0<\/span><\/p>\n<h3><span style=\"font-weight: 400;\">Mas o que acontece com a pele quando dormimos?<\/span><\/h3>\n<p><span style=\"font-weight: 400;\">Enquanto descansamos, ocorre uma s\u00e9rie de processos fisiol\u00f3gicos respons\u00e1veis por reparar e revitalizar o organismo. Um deles \u00e9 a produ\u00e7\u00e3o hormonal.\u00a0<\/span><\/p>\n<p><span style=\"font-weight: 400;\">Durante o sono profundo s\u00e3o liberados horm\u00f4nios como o do crescimento (GH), que estimula a regenera\u00e7\u00e3o dos tecidos (incluindo a pele), e a <\/span><a href=\"https:\/\/www.essentialnutrition.com.br\/conteudos\/melatonina\/?utm_source=blog&amp;utm_medium=link&amp;utm_campaign=externo&amp;utm_term=melatonina&amp;utm_content=sono-da-beleza\" target=\"_blank\" rel=\"noopener\"><span style=\"font-weight: 400;\">melatonina<\/span><\/a><span style=\"font-weight: 400;\">, conhecida como o horm\u00f4nio do sono, que al\u00e9m de regular o ciclo sono-vig\u00edlia, contribui para fortalecer o sistema imunol\u00f3gico e para proteger o organismo (e a pele) contra os danos causados pelos radicais livres, ao atuar como um excelente antioxidante.<\/span><\/p>\n<p><span style=\"font-weight: 400;\">Ainda, ao anoitecer, o n\u00edvel de cortisol, conhecido como horm\u00f4nio do <\/span><a href=\"https:\/\/www.essentialnutrition.com.br\/conteudos\/sintomas-do-estresse-na-pele\/?utm_source=blog&amp;utm_medium=link&amp;utm_campaign=externo&amp;utm_term=sintomas-do-estresse-na-pele&amp;utm_content=sono-da-beleza\" target=\"_blank\" rel=\"noopener\"><span style=\"font-weight: 400;\">estresse<\/span><\/a><span style=\"font-weight: 400;\">, come\u00e7a a reduzir no organismo, ao passo que a melatonina se eleva. Quando em excesso cronicamente, esse horm\u00f4nio influencia no envelhecimento da pele e em condi\u00e7\u00f5es como acne, psor\u00edase e dermatite at\u00f3pica.<\/span><\/p>\n<ul>\n<li style=\"font-weight: 400;\" aria-level=\"1\"><em><span style=\"font-weight: 400;\">Para saber mais sobre esse assunto, entenda como funciona o <\/span><a href=\"https:\/\/www.noorskin.com.br\/blog\/ciclo-circadiano-da-pele\/\/?utm_source=blog&amp;utm_medium=link&amp;utm_campaign=interno&amp;utm_term=ciclo-circadiano-da-pele&amp;utm_content=sono-da-beleza\" target=\"_blank\" rel=\"noopener\"><span style=\"font-weight: 400;\">ciclo circadiano da pele<\/span><\/a><span style=\"font-weight: 400;\">.<\/span><\/em><\/li>\n<\/ul>\n<h2><span style=\"font-weight: 400;\">Qual \u00e9 a rela\u00e7\u00e3o entre sono e sa\u00fade de modo geral?<\/span><\/h2>\n<p><span style=\"font-weight: 400;\">O sono \u00e9 uma necessidade fisiol\u00f3gica fundamental para o bom funcionamento do organismo, pois \u00e9 capaz de reparar diversos processos relacionados:<\/span><\/p>\n<ul>\n<li style=\"font-weight: 400;\" aria-level=\"1\"><span style=\"font-weight: 400;\">\u00e0 mem\u00f3ria (reten\u00e7\u00e3o de informa\u00e7\u00f5es);<\/span><\/li>\n<li style=\"font-weight: 400;\" aria-level=\"1\"><span style=\"font-weight: 400;\">\u00e0 capacidade de resolver problemas;<\/span><\/li>\n<li style=\"font-weight: 400;\" aria-level=\"1\"><span style=\"font-weight: 400;\">ao equil\u00edbrio emocional e hormonal;<\/span><\/li>\n<li style=\"font-weight: 400;\" aria-level=\"1\"><span style=\"font-weight: 400;\">ao fortalecimento do sistema imunol\u00f3gico e melhor resposta a doen\u00e7as inflamat\u00f3rias;<\/span><\/li>\n<li style=\"font-weight: 400;\" aria-level=\"1\"><span style=\"font-weight: 400;\">\u00e0 regula\u00e7\u00e3o da leptina e da grelina, horm\u00f4nios respons\u00e1veis pelas sensa\u00e7\u00f5es de fome e saciedade.\u00a0<\/span><\/li>\n<\/ul>\n<p><span style=\"font-weight: 400;\">Por isso, quem dorme bem reduz o risco de desenvolver obesidade, diabetes e doen\u00e7as cr\u00f4nicas, al\u00e9m de lidar melhor com o estresse, ter mais disposi\u00e7\u00e3o e autoestima.\u00a0<\/span><\/p>\n<h2><span style=\"font-weight: 400;\">Como o sono interfere na pele?<\/span><\/h2>\n<p><span style=\"font-weight: 400;\">Quando a noite chega, o corpo entende que \u00e9 hora de descansar. Nesse momento, as agress\u00f5es externas que a pele recebe durante o dia, como polui\u00e7\u00e3o, radia\u00e7\u00e3o UV, luz azul, entre outras, diminuem, exigindo menos da fun\u00e7\u00e3o de barreira.\u00a0<\/span><\/p>\n<p><span style=\"font-weight: 400;\">Isso faz com que a permeabilidade cut\u00e2nea aumente, assim como a perda de \u00e1gua, tornando a noite o per\u00edodo ideal para usar hidratantes faciais mais densos e produtos ricos em nutrientes que penetram mais profundamente na pele.\u00a0<\/span><\/p>\n<p><span style=\"font-weight: 400;\">Tamb\u00e9m, a vasculariza\u00e7\u00e3o, a temperatura e a atividade celular aumentam, enquanto a secre\u00e7\u00e3o de sebo e suor diminuem, favorecendo e promovendo a repara\u00e7\u00e3o e a renova\u00e7\u00e3o das c\u00e9lulas danificadas durante o dia. Tudo isso porque a pele pode reduzir o seu potencial de autoprote\u00e7\u00e3o no per\u00edodo noturno e aproveitar o sono para se regenerar.<\/span><\/p>\n<p><span style=\"font-weight: 400;\">Ainda, o uso de produtos t\u00f3picos pode ser combinado com o consumo de <\/span><a href=\"https:\/\/www.essentialnutrition.com.br\/collagen-resilience-maracuja?utm_source=blog&amp;utm_medium=link&amp;utm_campaign=produto&amp;utm_term=collagen-resilience-maracuja&amp;utm_content=sono-da-beleza\" target=\"_blank\" rel=\"noopener\"><span style=\"font-weight: 400;\">suplementos<\/span><\/a><span style=\"font-weight: 400;\"> formulados com ingredientes que trabalham a favor da pele, enquanto o corpo passa por esse momento de relaxamento e autorrepara\u00e7\u00e3o. Entre eles est\u00e3o o col\u00e1geno, o \u00e1cido hialur\u00f4nico, o \u00e1cido ortosil\u00edcico, a biotina, entre outros.<\/span><\/p>\n<h3><span style=\"font-weight: 400;\">Quais s\u00e3o os benef\u00edcios de dormir bem para a pele?<\/span><\/h3>\n<ul>\n<li style=\"font-weight: 400;\" aria-level=\"1\"><span style=\"font-weight: 400;\">Estimula a renova\u00e7\u00e3o celular e melhora a cicatriza\u00e7\u00e3o e a recupera\u00e7\u00e3o cut\u00e2nea;<\/span><\/li>\n<li style=\"font-weight: 400;\" aria-level=\"1\"><span style=\"font-weight: 400;\">Mant\u00e9m a <\/span><a href=\"https:\/\/www.scirp.org\/journal\/paperinformation?paperid=74581&amp;utm_source=blog&amp;utm_medium=link&amp;utm_campaign=externo&amp;utm_term=estudo&amp;utm_content=sono-da-beleza\" target=\"_blank\" rel=\"noopener\"><span style=\"font-weight: 400;\">hidrata\u00e7\u00e3o<\/span><\/a><span style=\"font-weight: 400;\">;<\/span><\/li>\n<li style=\"font-weight: 400;\" aria-level=\"1\"><span style=\"font-weight: 400;\">Equilibra a perda de \u00e1gua transepid\u00e9rmica;<\/span><\/li>\n<li style=\"font-weight: 400;\" aria-level=\"1\"><span style=\"font-weight: 400;\">Reduz condi\u00e7\u00f5es inflamat\u00f3rias;<\/span><\/li>\n<li style=\"font-weight: 400;\" aria-level=\"1\"><span style=\"font-weight: 400;\">Contribui para a <\/span><a href=\"https:\/\/pubmed.ncbi.nlm.nih.gov\/31692145\/?utm_source=blog&amp;utm_medium=link&amp;utm_campaign=externo&amp;utm_term=estudo&amp;utm_content=sono-da-beleza\" target=\"_blank\" rel=\"noopener\"><span style=\"font-weight: 400;\">elasticidade<\/span><\/a><span style=\"font-weight: 400;\"> da pele;<\/span><\/li>\n<li style=\"font-weight: 400;\" aria-level=\"1\"><span style=\"font-weight: 400;\">Ajuda a prevenir o surgimento dos <\/span><a href=\"https:\/\/pubmed.ncbi.nlm.nih.gov\/25266053\/?utm_source=blog&amp;utm_medium=link&amp;utm_campaign=externo&amp;utm_term=estudo&amp;utm_content=sono-da-beleza\" target=\"_blank\" rel=\"noopener\"><span style=\"font-weight: 400;\">sinais de envelhecimento cut\u00e2neo<\/span><\/a><span style=\"font-weight: 400;\">;<\/span><\/li>\n<li style=\"font-weight: 400;\" aria-level=\"1\"><span style=\"font-weight: 400;\">Melhora a apar\u00eancia de modo geral, por deixar a pele mais radiante, com menos rugas, linhas de express\u00e3o e olheiras.<\/span><\/li>\n<\/ul>\n<p><span style=\"font-weight: 400;\">Para se ter uma ideia, a restri\u00e7\u00e3o do sono \u00e9 capaz de <\/span><a href=\"https:\/\/www.sciencedirect.com\/science\/article\/pii\/S1389945721005761?via%3Dihub#tbl1&amp;utm_source=blog&amp;utm_medium=link&amp;utm_campaign=externo&amp;utm_term=estudo&amp;utm_content=sono-da-beleza\" target=\"_blank\" rel=\"noopener\"><span style=\"font-weight: 400;\">modificar a apar\u00eancia facial<\/span><\/a><span style=\"font-weight: 400;\"> como mostrou um estudo realizado com 24 mulheres saud\u00e1veis, com idade entre 30 e 55 anos. Foram necess\u00e1rias apenas duas noites mal dormidas para perceber altera\u00e7\u00f5es significativas em caracter\u00edsticas importantes da pele, como hidrata\u00e7\u00e3o, perda de \u00e1gua transepid\u00e9rmica, elasticidade, pH, luminosidade e olheiras.\u00a0<\/span><\/p>\n<h3><span style=\"font-weight: 400;\">Quantas horas de sono para uma pele bonita?<\/span><\/h3>\n<p><a href=\"https:\/\/pubmed.ncbi.nlm.nih.gov\/29073412\/?utm_source=blog&amp;utm_medium=link&amp;utm_campaign=externo&amp;utm_term=estudo&amp;utm_content=sono-da-beleza\" target=\"_blank\" rel=\"noopener\"><span style=\"font-weight: 400;\">Especialistas recomendam entre 7 e 9 horas de sono por noite<\/span><\/a><span style=\"font-weight: 400;\"> para que um adulto possa garantir benef\u00edcios completos para o corpo (e a pele). No entanto, essa quantidade de horas pode variar de pessoa para pessoa. \u00c9 importante sempre respeitar o seu organismo e observar alguns sinais. Por exemplo, como voc\u00ea se sente ao acordar? Cansado ou disposto? Como se sente durante o dia? Animado ou sonolento? E assim por diante.<\/span><\/p>\n<h3><span style=\"font-weight: 400;\">O que \u00e9 um sono de qualidade?<\/span><\/h3>\n<p><span style=\"font-weight: 400;\">Ainda, a qualidade do sono \u00e9 t\u00e3o importante quanto a quantidade. Alguns indicadores, como adormecer r\u00e1pido (em 30 minutos ou menos), ter um sono cont\u00ednuo e permanecer adormecido durante a maior parte do tempo em que est\u00e1 na cama (pelo menos 85% do tempo) contribuem para identificar se o seu sono \u00e9 de qualidade.<\/span><\/p>\n<h2><span style=\"font-weight: 400;\">Como ter um sono da beleza?<\/span><\/h2>\n<p><span style=\"font-weight: 400;\">Adotar h\u00e1bitos que promovam o relaxamento e melhorem a qualidade do sono \u00e9 essencial para a sa\u00fade geral e da pele. Confira algumas pr\u00e1ticas simples e eficazes que contribuem para o sono da beleza:<\/span><\/p>\n<h3><span style=\"font-weight: 400;\">Estabelecer uma rotina para dormir e acordar<\/span><\/h3>\n<p><span style=\"font-weight: 400;\">Procure dormir e acordar mais ou menos nos mesmos hor\u00e1rios, inclusive aos finais de semana. Pode haver algumas exce\u00e7\u00f5es, mas o ideal \u00e9 manter isso na maior parte dos dias. Observe com aten\u00e7\u00e3o o seu ritmo biol\u00f3gico e descubra quantas horas de sono voc\u00ea realmente precisa para se sentir bem. Com o tempo, seu corpo se ajustar\u00e1 a essa rotina, promovendo uma qualidade de sono consistente, trazendo muitos benef\u00edcios para o corpo.<\/span><\/p>\n<p><span style=\"font-weight: 400;\">Al\u00e9m disso, aproveite o dia para se expor \u00e0 luz natural. O recomendado, inclusive, \u00e9 sair e ter contato com a luz solar dentro da primeira hora ap\u00f3s acordar. Ainda, deixe as janelas abertas e permita que o sol ilumine os ambientes. Essa pr\u00e1tica ajuda a alinhar seu ritmo circadiano, indicando ao corpo que \u00e9 hora de despertar e se manter ativo.<\/span><\/p>\n<h3><span style=\"font-weight: 400;\">Optar por refei\u00e7\u00f5es leves e sem cafe\u00edna<\/span><\/h3>\n<p><span style=\"font-weight: 400;\">Evite refei\u00e7\u00f5es pesadas e pr\u00f3ximas ao hor\u00e1rio de ir pra cama, assim como o consumo de bebidas que contenham cafe\u00edna (caf\u00e9, ch\u00e1s e refrigerantes) no final do dia e no per\u00edodo da noite. O mesmo vale para bebidas alco\u00f3licas, que, embora pare\u00e7am relaxantes, podem interferir na qualidade do sono.\u00a0<\/span><\/p>\n<p><span style=\"font-weight: 400;\">O \u00e1lcool pode afetar a estrutura do sono, causando despertares impercept\u00edveis que resultam em noites mal dormidas e sensa\u00e7\u00e3o de cansa\u00e7o ao acordar, al\u00e9m de outros desconfortos.<\/span><\/p>\n<h3><span style=\"font-weight: 400;\">Criar um ambiente aconchegante<\/span><\/h3>\n<p><span style=\"font-weight: 400;\">\u00c9 importante que o ambiente do quarto favore\u00e7a uma noite tranquila. Mantenha-o escuro, silencioso e em uma temperatura agrad\u00e1vel. Escolha colch\u00e3o, travesseiros e roupas de cama que ofere\u00e7am conforto.<\/span><\/p>\n<p><span style=\"font-weight: 400;\">Al\u00e9m disso, cultive a paz no espa\u00e7o antes de dormir. Reduza a luminosidade para estimular a produ\u00e7\u00e3o natural de melatonina, e, se gostar, experimente aromas relaxantes. <\/span><a href=\"https:\/\/essentia.com.br\/conteudos\/oleos-essenciais\/?utm_source=blog&amp;utm_medium=link&amp;utm_campaign=externo&amp;utm_term=oleos-essenciais&amp;utm_content=sono-da-beleza\" target=\"_blank\" rel=\"noopener\"><span style=\"font-weight: 400;\">\u00d3leos essenciais<\/span><\/a><span style=\"font-weight: 400;\"> naturais, como o de lavanda, podem ser bons aliados para criar um clima de serenidade e facilitar o adormecer.<\/span><\/p>\n<h3><span style=\"font-weight: 400;\">Desconectar-se das telas e conectar-se consigo<\/span><\/h3>\n<p><a href=\"https:\/\/www.sciencedirect.com\/science\/article\/pii\/S1389945724003186?via%3Dihub&amp;utm_source=blog&amp;utm_medium=link&amp;utm_campaign=externo&amp;utm_term=estudo&amp;utm_content=sono-da-beleza\" target=\"_blank\" rel=\"noopener\"><span style=\"font-weight: 400;\">O uso de m\u00eddias na hora de dormir<\/span><\/a><span style=\"font-weight: 400;\">, como tablets, smartphones, TVs e computadores, pode dificultar o relaxamento e interferir na qualidade do sono. A luz emitida por esses aparelhos pode interferir nos n\u00edveis de melatonina, prejudicando o in\u00edcio e a profundidade do descanso noturno.<\/span><\/p>\n<p><span style=\"font-weight: 400;\">Por isso, o ideal \u00e9 se desconectar pelo menos uma hora antes de dormir. Aproveite esse tempo para se conectar consigo, por meio de pr\u00e1ticas como medita\u00e7\u00e3o, exerc\u00edcios de respira\u00e7\u00e3o, leitura ou uma m\u00fasica suave.<\/span><\/p>\n<p><span style=\"font-weight: 400;\">Outra dica \u00e9 aproveitar para relaxar com a fam\u00edlia ou com os amigos, sem telas. Promover um jantar com luz baixa ou \u00e0 luz de velas, conversar, contar hist\u00f3rias ou ler livros para os filhos s\u00e3o importantes momentos de conex\u00e3o que ajudam a preparar o corpo e a mente para uma noite de sono restauradora.<\/span><\/p>\n<h3><span style=\"font-weight: 400;\">Transformar o <\/span><i><span style=\"font-weight: 400;\">skincare<\/span><\/i><span style=\"font-weight: 400;\"> e <\/span><i><span style=\"font-weight: 400;\">bodycare<\/span><\/i><span style=\"font-weight: 400;\"> noturno em um ritual relaxante<\/span><\/h3>\n<p><span style=\"font-weight: 400;\">Ainda sobre criar momentos de conex\u00e3o, voc\u00ea pode transformar a sua rotina de cuidados com o rosto e corpo em um ritual relaxante para a hora de dormir. Experimente transformar o seu banho em algo mais intencional e sensorial, como um <\/span><a href=\"https:\/\/www.noorskin.com.br\/blog\/banho-premium\/?utm_source=blog&amp;utm_medium=link&amp;utm_campaign=interno&amp;utm_term=banho-premium&amp;utm_content=sono-da-beleza\" target=\"_blank\" rel=\"noopener\"><span style=\"font-weight: 400;\">banho <\/span><i><span style=\"font-weight: 400;\">premium<\/span><\/i><\/a><span style=\"font-weight: 400;\">.<\/span><\/p>\n<p><span style=\"font-weight: 400;\">Escolha um gel de banho hidratante e com textura suave para massagear seu corpo, enquanto elimina as impurezas do dia, hidrata, equilibra e acalma a sua pele. Continue a rotina p\u00f3s-banho com um um hidratante corporal que abra\u00e7a o seu corpo e restaura a sua barreira de prote\u00e7\u00e3o natural.<\/span><\/p>\n<p><span style=\"font-weight: 400;\">Para o rosto, pratique sempre que poss\u00edvel o <\/span><a href=\"https:\/\/www.noorskin.com.br\/blog\/mindful-skincare\/\/?utm_source=blog&amp;utm_medium=link&amp;utm_campaign=interno&amp;utm_term=mindful-skincare&amp;utm_content=sono-da-beleza\" target=\"_blank\" rel=\"noopener\"><i><span style=\"font-weight: 400;\">mindful skincare routine<\/span><\/i><\/a><span style=\"font-weight: 400;\">, uma pr\u00e1tica que re\u00fane aten\u00e7\u00e3o plena e cuidados com a pele, criando uma conex\u00e3o entre o corpo e a mente. Al\u00e9m de sentir a textura dos produtos e perceber a sua pele, momentos assim trazem calma\u00a0 e uma sensa\u00e7\u00e3o de relaxamento que beneficia o corpo como um todo.<\/span><\/p>\n<p><span style=\"font-weight: 400;\">Uma forma de se inspirar e colocar em pr\u00e1tica esses rituais de autocuidado \u00e9 escolher produtos que proporcionem boas experi\u00eancias sensoriais, enquanto nutrem, hidratam e revitalizam a sua pele. Conhe\u00e7a a <\/span><a href=\"https:\/\/www.noorskin.com.br\/produtos?utm_source=blog&amp;utm_medium=link&amp;utm_campaign=produto&amp;utm_term=produtos-noorskin&amp;utm_content=sono-da-beleza\" target=\"_blank\" rel=\"noopener\"><span style=\"font-weight: 400;\">linha completa de cuidados Noorskin<\/span><\/a><span style=\"font-weight: 400;\"> e potencialize o seu ritual noturno para noites de sono maravilhosas.<\/span>[\/vc_column_text][\/vc_column][\/vc_row][vc_row][vc_column][vc_tta_accordion c_icon=&#8221;chevron&#8221; c_position=&#8221;right&#8221; active_section=&#8221;55&#8243; el_class=&#8221;acordeon-posts&#8221;][vc_tta_section title=&#8221;Refer\u00eancias&#8221; tab_id=&#8221;1703076275850-57bc857f-bf69&#8243; el_class=&#8221;referencias-post&#8221;][vc_column_text css=&#8221;&#8221;]<span style=\"font-weight: 400;\">SCOTT AJ, et al. <\/span><b>Improving sleep quality leads to better mental health: A meta-analysis of randomised controlled trials.<\/b><span style=\"font-weight: 400;\"> Sleep Medicine Reviews, 2021. Dispon\u00edvel em: &lt;https:\/\/pmc.ncbi.nlm.nih.gov\/articles\/PMC8651630\/&gt;. Acesso em: 02 de janeiro de 2025.\u00a0\u00a0\u00a0<\/span><\/p>\n<p><span style=\"font-weight: 400;\">CHANG J, et al. <\/span><b>Circadian control of the secretory pathway maintains collagen homeostasis. <\/b><span style=\"font-weight: 400;\">Nature Cell Biology. Dispon\u00edvel em: &lt; https:\/\/www.nature.com\/articles\/s41556-019-0441-z&gt;. Acesso em: 02 de janeiro de 2025.\u00a0\u00a0\u00a0<\/span><\/p>\n<p><span style=\"font-weight: 400;\">L\u00c9GER D, et al. <\/span><b>\u201cYou look sleepy\u2026\u201d The impact of sleep restriction on skin parameters and facial appearance of 24 women.<\/b><span style=\"font-weight: 400;\"> Sleep Medicine, 2022. Dispon\u00edvel em: &lt;https:\/\/www.sciencedirect.com\/science\/article\/pii\/S1389945721005761&gt;. Acesso em: 02 de janeiro de 2025.\u00a0\u00a0<\/span><\/p>\n<p><span style=\"font-weight: 400;\">KIM MA, el al. <\/span><b>The effects of sleep deprivation on the biophysical properties of facial skin. <\/b><span style=\"font-weight: 400;\">Journal of Cosmetics. Dispon\u00edvel em: &lt;https:\/\/www.scirp.org\/journal\/paperinformation?paperid=74581&gt;. Acesso em: 02 de janeiro de 2025.\u00a0\u00a0<\/span><\/p>\n<p><span style=\"font-weight: 400;\">JANG SI, et al. <\/span><b>A study of skin characteristics with long-term sleep restriction in Korean women in their 40s.<\/b><span style=\"font-weight: 400;\"> Skin Research and Technology, 2020. Dispon\u00edvel em: &lt;https:\/\/pubmed.ncbi.nlm.nih.gov\/31692145\/&gt;. Acesso em: 02 de janeiro de 2025.\u00a0\u00a0<\/span><\/p>\n<p><span style=\"font-weight: 400;\">OYETAKIN-WHITE P, et al. <\/span><b>Does poor sleep quality affect skin ageing?<\/b><span style=\"font-weight: 400;\"> Clinical and Experimental Dermatology, 2015. Dispon\u00edvel em: &lt;https:\/\/pubmed.ncbi.nlm.nih.gov\/25266053\/&gt;. Acesso em: 02 de janeiro de 2025.\u00a0\u00a0<\/span><\/p>\n<p><span style=\"font-weight: 400;\">HIRSHKOWITZ M, et al. <\/span><b>National Sleep Foundation&#8217;s sleep time duration recommendations: methodology and results summary.<\/b><span style=\"font-weight: 400;\"> Sleep Health, 2015. Dispon\u00edvel em: &lt;https:\/\/pubmed.ncbi.nlm.nih.gov\/29073412\/&gt;. Acesso em: 02 de janeiro de 2025.\u00a0\u00a0\u00a0<\/span><\/p>\n<p><span style=\"font-weight: 400;\">SCHREMPFT S, et al. <\/span><b>Associations between bedtime media use and sleep outcomes in an adult population-based cohort.<\/b><span style=\"font-weight: 400;\"> Sleep Medicine, 2024. Dispon\u00edvel em: &lt;https:\/\/www.sciencedirect.com\/science\/article\/pii\/S1389945724003186&gt;. Acesso em: 02 de janeiro de 2025.\u00a0\u00a0\u00a0<\/span>[\/vc_column_text][\/vc_tta_section][\/vc_tta_accordion][\/vc_column][\/vc_row][vc_row el_id=&#8221;bloco-produtos&#8221;][vc_column][vc_basic_grid post_type=&#8221;product&#8221; max_items=&#8221;4&#8243; element_width=&#8221;3&#8243; gap=&#8221;15&#8243; orderby=&#8221;title&#8221; item=&#8221;2842&#8243; css=&#8221;&#8221; grid_id=&#8221;vc_gid:1742405065870-fafeade8-f1f1-2&#8243; el_class=&#8221;post-grid-produtos&#8221; taxonomies=&#8221;69, 63, 73, 72&#8243;][\/vc_column][\/vc_row]<\/p>\n<\/div>","protected":false},"excerpt":{"rendered":"<p>Ser\u00e1 que uma boa noite de sono realmente traz benef\u00edcios para a sa\u00fade e a apar\u00eancia cut\u00e2nea? Descubra neste artigo.<\/p>\n","protected":false},"author":5,"featured_media":6005,"comment_status":"closed","ping_status":"closed","sticky":false,"template":"","format":"standard","meta":{"inline_featured_image":false,"footnotes":""},"categories":[59,60],"tags":[10,14,17,21],"class_list":["post-6001","post","type-post","status-publish","format-standard","has-post-thumbnail","hentry","category-mind","category-skin","tag-fashion","tag-lifestyle","tag-news","tag-style"],"_links":{"self":[{"href":"https:\/\/www.noorskin.com.br\/blog\/wp-json\/wp\/v2\/posts\/6001","targetHints":{"allow":["GET"]}}],"collection":[{"href":"https:\/\/www.noorskin.com.br\/blog\/wp-json\/wp\/v2\/posts"}],"about":[{"href":"https:\/\/www.noorskin.com.br\/blog\/wp-json\/wp\/v2\/types\/post"}],"author":[{"embeddable":true,"href":"https:\/\/www.noorskin.com.br\/blog\/wp-json\/wp\/v2\/users\/5"}],"replies":[{"embeddable":true,"href":"https:\/\/www.noorskin.com.br\/blog\/wp-json\/wp\/v2\/comments?post=6001"}],"version-history":[{"count":3,"href":"https:\/\/www.noorskin.com.br\/blog\/wp-json\/wp\/v2\/posts\/6001\/revisions"}],"predecessor-version":[{"id":6004,"href":"https:\/\/www.noorskin.com.br\/blog\/wp-json\/wp\/v2\/posts\/6001\/revisions\/6004"}],"wp:featuredmedia":[{"embeddable":true,"href":"https:\/\/www.noorskin.com.br\/blog\/wp-json\/wp\/v2\/media\/6005"}],"wp:attachment":[{"href":"https:\/\/www.noorskin.com.br\/blog\/wp-json\/wp\/v2\/media?parent=6001"}],"wp:term":[{"taxonomy":"category","embeddable":true,"href":"https:\/\/www.noorskin.com.br\/blog\/wp-json\/wp\/v2\/categories?post=6001"},{"taxonomy":"post_tag","embeddable":true,"href":"https:\/\/www.noorskin.com.br\/blog\/wp-json\/wp\/v2\/tags?post=6001"}],"curies":[{"name":"wp","href":"https:\/\/api.w.org\/{rel}","templated":true}]}}