{"id":6010,"date":"2025-03-26T13:55:25","date_gmt":"2025-03-26T16:55:25","guid":{"rendered":"https:\/\/www.noorskin.com.br\/blog\/?p=6010"},"modified":"2025-07-16T11:31:02","modified_gmt":"2025-07-16T14:31:02","slug":"protetor-solar","status":"publish","type":"post","link":"https:\/\/www.noorskin.com.br\/blog\/protetor-solar\/","title":{"rendered":"Protetor solar: tudo sobre esse importante cuidado com a pele"},"content":{"rendered":"<div class=\"wpb-content-wrapper\"><p>[vc_row][vc_column][vc_raw_html css=&#8221;&#8221;]JTNDbGluayUyMHJlbCUzRCUyMnN0eWxlc2hlZXQlMjIlMjB0eXBlJTNEJTIydGV4dCUyRmNzcyUyMiUyMG1lZGlhJTNEJTIyc2NyZWVuJTIyJTBBJTIwJTIwJTIwJTIwaHJlZiUzRCUyMmh0dHBzJTNBJTJGJTJGbWF4Y2RuLmJvb3RzdHJhcGNkbi5jb20lMkZmb250LWF3ZXNvbWUlMkY0LjcuMCUyRmNzcyUyRmZvbnQtYXdlc29tZS5taW4uY3NzJTIyJTIwJTJGJTNFJTBBJTNDZGl2JTIwY2xhc3MlM0QlMjJpbmRpY2UlMjIlM0UlMEElMjAlMjAlMjAlMjAlM0NkaXYlMjBpZCUzRCUyMmFjY29yZGlvbiUyMiUzRSUwQSUyMCUyMCUyMCUyMCUyMCUyMCUyMCUyMCUzQ2RpdiUyMGNsYXNzJTNEJTIyY2FyZCUyMG1iLTMlMjIlM0UlMEElMjAlMjAlMjAlMjAlMjAlMjAlMjAlMjAlMjAlMjAlMjAlMjAlM0NkaXYlMjBjbGFzcyUzRCUyMmNhcmQtaGVhZGVyJTIwcC0wJTIwY29sbGFwc2VkJTIwZC1mbGV4JTIwYWxpZ24taXRlbXMtY2VudGVyJTIyJTIwaWQlM0QlMjJoZWFkaW5nT25lJTIyJTIwZGF0YS10b2dnbGUlM0QlMjJjb2xsYXBzZSUyMiUwQSUyMCUyMCUyMCUyMCUyMCUyMCUyMCUyMCUyMCUyMCUyMCUyMCUyMCUyMCUyMCUyMGRhdGEtdGFyZ2V0JTNEJTIyJTIzY29sbGFwc2VPbmUlMjIlMjBhcmlhLWV4cGFuZGVkJTNEJTIydHJ1ZSUyMiUyMGFyaWEtY29udHJvbHMlM0QlMjJjb2xsYXBzZU9uZSUyMiUzRSUwQSUyMCUyMCUyMCUyMCUyMCUyMCUyMCUyMCUyMCUyMCUyMCUyMCUyMCUyMCUyMCUyMCUzQ3AlMjBjbGFzcyUzRCUyMnRpdGxlJTIyJTNFJTBBJTIwJTIwJTIwJTIwJTIwJTIwJTIwJTIwJTIwJTIwJTIwJTIwJTIwJTIwJTIwJTIwJTIwJTIwJTIwJTIwJTNDYSUyMGNsYXNzJTNEJTIyYnQtYWNlc3NvJTIyJTIwZGF0YS10b2dnbGUlM0QlMjJjb2xsYXBzZSUyMiUyMGhyZWYlM0QlMjIlMjNjb2xsYXBzZUV4YW1wbGUlMjIlMjByb2xlJTNEJTIyYnV0dG9uJTIyJTBBJTIwJTIwJTIwJTIwJTIwJTIwJTIwJTIwJTIwJTIwJTIwJTIwJTIwJTIwJTIwJTIwJTIwJTIwJTIwJTIwJTIwJTIwJTIwJTIwYXJpYS1leHBhbmRlZCUzRCUyMmZhbHNlJTIyJTIwYXJpYS1jb250cm9scyUzRCUyMmNvbGxhcHNlRXhhbXBsZSUyMiUzRUFjZXNzbyUyMHIlQzMlQTFwaWRvJTBBJTIwJTIwJTIwJTIwJTIwJTIwJTIwJTIwJTIwJTIwJTIwJTIwJTIwJTIwJTIwJTIwJTIwJTIwJTIwJTIwJTNDJTJGYSUzRSUwQSUyMCUyMCUyMCUyMCUyMCUyMCUyMCUyMCUyMCUyMCUyMCUyMCUyMCUyMCUyMCUyMCUyMCUyMCUyMCUyMCUzQ2klMjBjbGFzcyUzRCUyMmZhJTIwZmEtdGltZXMlMjB1cCUyMG1sLWF1dG8lMjBtci0zJTIyJTIwaWQlM0QlMjJjbG9zZS1tZW51JTIyJTIwYXJpYS1oaWRkZW4lM0QlMjJ0cnVlJTIyJTNFJTNDJTJGaSUzRSUwQSUyMCUyMCUyMCUyMCUyMCUyMCUyMCUyMCUyMCUyMCUyMCUyMCUyMCUyMCUyMCUyMCUzQyUyRnAlM0UlMEElMjAlMjAlMjAlMjAlMjAlMjAlMjAlMjAlMjAlMjAlMjAlMjAlM0MlMkZkaXYlM0UlMEElMjAlMjAlMjAlMjAlMjAlMjAlMjAlMjAlMjAlMjAlMjAlMjAlM0NkaXYlMjBpZCUzRCUyMmNvbGxhcHNlT25lJTIyJTIwY2xhc3MlM0QlMjJjb2xsYXBzZSUyMGluJTIwc2hvdyUyMiUyMGFyaWEtbGFiZWxsZWRieSUzRCUyMmhlYWRpbmdPbmUlMjIlMjBkYXRhLXBhcmVudCUzRCUyMiUyM2FjY29yZGlvbiUyMiUzRSUwQSUyMCUyMCUyMCUyMCUyMCUyMCUyMCUyMCUyMCUyMCUyMCUyMCUyMCUyMCUyMCUyMCUzQ2RpdiUyMGNsYXNzJTNEJTIyYm94LWxpbmtzJTIwY2FyZC1ib2R5JTIyJTNFJTBBJTIwJTIwJTIwJTIwJTIwJTIwJTIwJTIwJTIwJTIwJTIwJTIwJTIwJTIwJTIwJTIwJTIwJTIwJTIwJTIwJTNDYSUyMGNsYXNzJTNEJTIyaW5kaWNlLWxpbmtzJTIyJTIwaHJlZiUzRCUyMiUyMzElMjIlM0UlM0NzcGFuJTIwY2xhc3MlM0QlMjJpbmRpY2UtdGl0dWxvcyUyMiUzRSUyME8lMjBxdWUlMjAlQzMlQTklMjBvJTIwcHJvdGV0b3IlMjBzb2xhciUzRiUyMCUzQyUyRnNwYW4lM0UlM0MlMkZhJTNFJTNDYnIlM0UlMEElMjAlMjAlMjAlMjAlMjAlMjAlMjAlMjAlMjAlMjAlMjAlMjAlMjAlMjAlMjAlMjAlMjAlMjAlMjAlMjAlM0NhJTIwY2xhc3MlM0QlMjJpbmRpY2UtbGlua3MlMjIlMjBocmVmJTNEJTIyJTIzMiUyMiUzRSUzQ3NwYW4lMjBjbGFzcyUzRCUyMmluZGljZS10aXR1bG9zJTIyJTNFJTIwQ29tbyUyMG8lMjBwcm90ZXRvciUyMHNvbGFyJTIwcHJvdGVnZSUyMGElMjBwZWxlJTNGJTIwJTNDJTJGc3BhbiUzRSUzQyUyRmElM0UlM0NiciUzRSUwQSUyMCUyMCUyMCUyMCUyMCUyMCUyMCUyMCUyMCUyMCUyMCUyMCUyMCUyMCUyMCUyMCUyMCUyMCUyMCUyMCUzQ2ElMjBjbGFzcyUzRCUyMmluZGljZS1saW5rcyUyMiUyMGhyZWYlM0QlMjIlMjMzJTIyJTNFJTNDc3BhbiUyMGNsYXNzJTNEJTIyaW5kaWNlLXN1YnRpdHVsb3MlMjIlM0UlMjBGaWx0cm8lMjBzb2xhciUyMGYlQzMlQURzaWNvJTNDJTJGc3BhbiUzRSUzQyUyRmElM0UlM0NiciUzRSUwQSUyMCUyMCUyMCUyMCUyMCUyMCUyMCUyMCUyMCUyMCUyMCUyMCUyMCUyMCUyMCUyMCUyMCUyMCUyMCUyMCUzQ2ElMjBjbGFzcyUzRCUyMmluZGljZS1saW5rcyUyMiUyMGhyZWYlM0QlMjIlMjM0JTIyJTNFJTNDc3BhbiUyMGNsYXNzJTNEJTIyaW5kaWNlLXN1YnRpdHVsb3MlMjIlM0UlMjBGaWx0cm8lMjBzb2xhciUyMHF1JUMzJUFEbWljbyUzQyUyRnNwYW4lM0UlM0MlMkZhJTNFJTNDYnIlM0UlMEElMjAlMjAlMjAlMjAlMjAlMjAlMjAlMjAlMjAlMjAlMjAlMjAlMjAlMjAlMjAlMjAlMjAlMjAlMjAlMjAlM0NhJTIwY2xhc3MlM0QlMjJpbmRpY2UtbGlua3MlMjIlMjBocmVmJTNEJTIyJTIzNSUyMiUzRSUzQ3NwYW4lMjBjbGFzcyUzRCUyMmluZGljZS10aXR1bG9zJTIyJTNFJTIwUXVhaXMlMjBzJUMzJUEzbyUyMG9zJTIwdGlwb3MlMjBkZSUyMHJhZGlhJUMzJUE3JUMzJUEzbyUyMGUlMjBjb21vJTIwYWdlbSUyMG5hJTIwcGVsZSUzRiUyMCUzQyUyRnNwYW4lM0UlM0MlMkZhJTNFJTNDYnIlM0UlMEElMjAlMjAlMjAlMjAlMjAlMjAlMjAlMjAlMjAlMjAlMjAlMjAlMjAlMjAlMjAlMjAlMjAlMjAlMjAlMjAlM0NhJTIwY2xhc3MlM0QlMjJpbmRpY2UtbGlua3MlMjIlMjBocmVmJTNEJTIyJTIzNiUyMiUzRSUzQ3NwYW4lMjBjbGFzcyUzRCUyMmluZGljZS1zdWJ0aXR1bG9zJTIyJTNFJTIwVWx0cmF2aW9sZXRhJTIwQiUyMCUyOFVWQiUyOSUyMCUzQyUyRnNwYW4lM0UlM0MlMkZhJTNFJTNDYnIlM0UlMEElMjAlMjAlMjAlMjAlMjAlMjAlMjAlMjAlMjAlMjAlMjAlMjAlMjAlMjAlMjAlMjAlMjAlMjAlMjAlMjAlM0NhJTIwY2xhc3MlM0QlMjJpbmRpY2UtbGlua3MlMjIlMjBocmVmJTNEJTIyJTIzNyUyMiUzRSUzQ3NwYW4lMjBjbGFzcyUzRCUyMmluZGljZS1zdWJ0aXR1bG9zJTIyJTNFJTIwVWx0cmF2aW9sZXRhJTIwQSUyMCUyOFVWQSUyOSUyMCUzQyUyRnNwYW4lM0UlM0MlMkZhJTNFJTNDYnIlM0UlMEElMjAlMjAlMjAlMjAlMjAlMjAlMjAlMjAlMjAlMjAlMjAlMjAlMjAlMjAlMjAlMjAlMjAlMjAlMjAlMjAlM0NhJTIwY2xhc3MlM0QlMjJpbmRpY2UtbGlua3MlMjIlMjBocmVmJTNEJTIyJTIzOCUyMiUzRSUzQ3NwYW4lMjBjbGFzcyUzRCUyMmluZGljZS1zdWJ0aXR1bG9zJTIyJTNFJTIwVWx0cmF2aW9sZXRhJTIwQyUyMCUyOFVWQyUyOSUyMCUzQyUyRnNwYW4lM0UlM0MlMkZhJTNFJTNDYnIlM0UlMEElMjAlMjAlMjAlMjAlMjAlMjAlMjAlMjAlMjAlMjAlMjAlMjAlMjAlMjAlMjAlMjAlMjAlMjAlMjAlMjAlM0NhJTIwY2xhc3MlM0QlMjJpbmRpY2UtbGlua3MlMjIlMjBocmVmJTNEJTIyJTIzOSUyMiUzRSUzQ3NwYW4lMjBjbGFzcyUzRCUyMmluZGljZS1zdWJ0aXR1bG9zJTIyJTNFJTIwUmFkaWElQzMlQTclQzMlQTNvJTIwaW5mcmF2ZXJtZWxoYSUyMCUyOElWJTI5JTIwJTNDJTJGc3BhbiUzRSUzQyUyRmElM0UlM0NiciUzRSUwQSUyMCUyMCUyMCUyMCUyMCUyMCUyMCUyMCUyMCUyMCUyMCUyMCUyMCUyMCUyMCUyMCUyMCUyMCUyMCUyMCUzQ2ElMjBjbGFzcyUzRCUyMmluZGljZS1saW5rcyUyMiUyMGhyZWYlM0QlMjIlMjMxMCUyMiUzRSUzQ3NwYW4lMjBjbGFzcyUzRCUyMmluZGljZS1zdWJ0aXR1bG9zJTIyJTNFJTIwTHV6JTIwdmlzJUMzJUFEdmVsJTIwJTNDJTJGc3BhbiUzRSUzQyUyRmElM0UlM0NiciUzRSUwQSUyMCUyMCUyMCUyMCUyMCUyMCUyMCUyMCUyMCUyMCUyMCUyMCUyMCUyMCUyMCUyMCUyMCUyMCUyMCUyMCUzQ2ElMjBjbGFzcyUzRCUyMmluZGljZS1saW5rcyUyMiUyMGhyZWYlM0QlMjIlMjMxMSUyMiUzRSUzQ3NwYW4lMjBjbGFzcyUzRCUyMmluZGljZS1zdWJ0aXR1bG9zJTIyJTNFJTIwTHV6JTIwYXp1bCUyMCUzQyUyRnNwYW4lM0UlM0MlMkZhJTNFJTNDYnIlM0UlMEElMjAlMjAlMjAlMjAlMjAlMjAlMjAlMjAlMjAlMjAlMjAlMjAlMjAlMjAlMjAlMjAlMjAlMjAlMjAlMjAlM0NhJTIwY2xhc3MlM0QlMjJpbmRpY2UtbGlua3MlMjIlMjBocmVmJTNEJTIyJTIzMTIlMjIlM0UlM0NzcGFuJTIwY2xhc3MlM0QlMjJpbmRpY2UtdGl0dWxvcyUyMiUzRSUyME8lMjBxdWUlMjBzaWduaWZpY2ElMjBwcm90ZSVDMyVBNyVDMyVBM28lMjBkZSUyMGFtcGxvJTIwZXNwZWN0cm8lM0YlMjAlM0MlMkZzcGFuJTNFJTNDJTJGYSUzRSUzQ2JyJTNFJTBBJTIwJTIwJTIwJTIwJTIwJTIwJTIwJTIwJTIwJTIwJTIwJTIwJTIwJTIwJTIwJTIwJTIwJTIwJTIwJTIwJTNDYSUyMGNsYXNzJTNEJTIyaW5kaWNlLWxpbmtzJTIyJTIwaHJlZiUzRCUyMiUyMzEzJTIyJTNFJTNDc3BhbiUyMGNsYXNzJTNEJTIyaW5kaWNlLXRpdHVsb3MlMjIlM0UlMjBRdWFpcyUyMHMlQzMlQTNvJTIwb3MlMjBiZW5lZiVDMyVBRGNpb3MlMjBkZSUyMHVzYXIlMjBwcm90ZXRvciUyMHNvbGFyJTNGJTIwJTNDJTJGc3BhbiUzRSUzQyUyRmElM0UlM0NiciUzRSUwQSUyMCUyMCUyMCUyMCUyMCUyMCUyMCUyMCUyMCUyMCUyMCUyMCUyMCUyMCUyMCUyMCUyMCUyMCUyMCUyMCUzQ2ElMjBjbGFzcyUzRCUyMmluZGljZS1saW5rcyUyMiUyMGhyZWYlM0QlMjIlMjMxNCUyMiUzRSUzQ3NwYW4lMjBjbGFzcyUzRCUyMmluZGljZS10aXR1bG9zJTIyJTNFJTIwUG9yJTIwcXVlJTIwJUMzJUE5JTIwaW1wb3J0YW50ZSUyMGNvbWJpbmFyJTIwcHJvdGV0b3IlMjBzb2xhciUyMGUlMjBhbnRpb3hpZGFudGVzJTNGJTIwJTNDJTJGc3BhbiUzRSUzQyUyRmElM0UlM0NiciUzRSUwQSUyMCUyMCUyMCUyMCUyMCUyMCUyMCUyMCUyMCUyMCUyMCUyMCUyMCUyMCUyMCUyMCUyMCUyMCUyMCUyMCUzQ2ElMjBjbGFzcyUzRCUyMmluZGljZS1saW5rcyUyMiUyMGhyZWYlM0QlMjIlMjMxNSUyMiUzRSUzQ3NwYW4lMjBjbGFzcyUzRCUyMmluZGljZS10aXR1bG9zJTIyJTNFJTIwTyUyMHF1ZSUyMHNpZ25pZmljYSUyMHByb3RldG9yJTIwc29sYXIlMjBuJUMzJUEzbyUyMGNvbWVkb2clQzMlQUFuaWNvJTNGJTIwJTNDJTJGc3BhbiUzRSUzQyUyRmElM0UlM0NiciUzRSUwQSUyMCUyMCUyMCUyMCUyMCUyMCUyMCUyMCUyMCUyMCUyMCUyMCUyMCUyMCUyMCUyMCUyMCUyMCUyMCUyMCUzQ2ElMjBjbGFzcyUzRCUyMmluZGljZS1saW5rcyUyMiUyMGhyZWYlM0QlMjIlMjMxNiUyMiUzRSUzQ3NwYW4lMjBjbGFzcyUzRCUyMmluZGljZS1zdWJ0aXR1bG9zJTIyJTNFJTIwQ29tbyUyMHNhYmVyJTIwc2UlMjB1bSUyMHByb3RldG9yJTIwc29sYXIlMjAlQzMlQTklMjBuJUMzJUEzbyUyMGNvbWVkb2clQzMlQUFuaWNvJTNGJTIwJTNDJTJGc3BhbiUzRSUzQyUyRmElM0UlM0NiciUzRSUwQSUyMCUyMCUyMCUyMCUyMCUyMCUyMCUyMCUyMCUyMCUyMCUyMCUyMCUyMCUyMCUyMCUyMCUyMCUyMCUyMCUzQ2ElMjBjbGFzcyUzRCUyMmluZGljZS1saW5rcyUyMiUyMGhyZWYlM0QlMjIlMjMxNyUyMiUzRSUzQ3NwYW4lMjBjbGFzcyUzRCUyMmluZGljZS10aXR1bG9zJTIyJTNFJTIwTyUyMHF1ZSUyMCVDMyVBOSUyMG8lMjBGUFMlMjBubyUyMHByb3RldG9yJTIwc29sYXIlM0YlMjAlM0MlMkZzcGFuJTNFJTNDJTJGYSUzRSUzQ2JyJTNFJTBBJTIwJTIwJTIwJTIwJTIwJTIwJTIwJTIwJTIwJTIwJTIwJTIwJTIwJTIwJTIwJTIwJTIwJTIwJTIwJTIwJTNDYSUyMGNsYXNzJTNEJTIyaW5kaWNlLWxpbmtzJTIyJTIwaHJlZiUzRCUyMiUyMzE4JTIyJTNFJTNDc3BhbiUyMGNsYXNzJTNEJTIyaW5kaWNlLXN1YnRpdHVsb3MlMjIlM0UlMjBQUEQlMjBvdSUyMFBBJTIwJTNDJTJGc3BhbiUzRSUzQyUyRmElM0UlM0NiciUzRSUwQSUyMCUyMCUyMCUyMCUyMCUyMCUyMCUyMCUyMCUyMCUyMCUyMCUyMCUyMCUyMCUyMCUyMCUyMCUyMCUyMCUzQ2ElMjBjbGFzcyUzRCUyMmluZGljZS1saW5rcyUyMiUyMGhyZWYlM0QlMjIlMjMxOSUyMiUzRSUzQ3NwYW4lMjBjbGFzcyUzRCUyMmluZGljZS1zdWJ0aXR1bG9zJTIyJTNFJTIwUXVhbCUyMCVDMyVBOSUyMGElMjBkaWZlcmVuJUMzJUE3YSUyMGVudHJlJTIwRlBTJTIwMzAlMjBlJTIwNTAlMkIlM0YlMjAlM0MlMkZzcGFuJTNFJTNDJTJGYSUzRSUzQ2JyJTNFJTBBJTIwJTIwJTIwJTIwJTIwJTIwJTIwJTIwJTIwJTIwJTIwJTIwJTIwJTIwJTIwJTIwJTIwJTIwJTIwJTIwJTNDYSUyMGNsYXNzJTNEJTIyaW5kaWNlLWxpbmtzJTIyJTIwaHJlZiUzRCUyMiUyMzIwJTIyJTNFJTNDc3BhbiUyMGNsYXNzJTNEJTIyaW5kaWNlLXN1YnRpdHVsb3MlMjIlM0UlMjBFeGlzdGUlMjBkaWZlcmVuJUMzJUE3YSUyMGVudHJlJTIwcHJvdGV0b3IlMjBzb2xhciUyMGZhY2lhbCUyMGUlMjBjb3Jwb3JhbCUzRiUyMCUzQyUyRnNwYW4lM0UlM0MlMkZhJTNFJTNDYnIlM0UlMEElMjAlMjAlMjAlMjAlMjAlMjAlMjAlMjAlMjAlMjAlMjAlMjAlMjAlMjAlMjAlMjAlMjAlMjAlMjAlMjAlM0NhJTIwY2xhc3MlM0QlMjJpbmRpY2UtbGlua3MlMjIlMjBocmVmJTNEJTIyJTIzMjElMjIlM0UlM0NzcGFuJTIwY2xhc3MlM0QlMjJpbmRpY2UtdGl0dWxvcyUyMiUzRSUyMENvbW8lMjB1c2FyJTIwbyUyMHByb3RldG9yJTIwc29sYXIlMjBjb3JyZXRhbWVudGUlM0YlMjAlM0MlMkZzcGFuJTNFJTNDJTJGYSUzRSUzQ2JyJTNFJTBBJTIwJTIwJTIwJTIwJTIwJTIwJTIwJTIwJTIwJTIwJTIwJTIwJTIwJTIwJTIwJTIwJTIwJTIwJTIwJTIwJTNDYSUyMGNsYXNzJTNEJTIyaW5kaWNlLWxpbmtzJTIyJTIwaHJlZiUzRCUyMiUyMzIyJTIyJTNFJTNDc3BhbiUyMGNsYXNzJTNEJTIyaW5kaWNlLXN1YnRpdHVsb3MlMjIlM0UlMjBRdWFsJTIwJUMzJUE5JTIwYSUyMHF1YW50aWRhZGUlMjBpZGVhbCUyMGRlJTIwcHJvdGV0b3IlMjBzb2xhciUyMHBhcmElMjBvJTIwcm9zdG8lMjBlJTIwbyUyMGNvcnBvJTNGJTIwJTNDJTJGc3BhbiUzRSUzQyUyRmElM0UlM0NiciUzRSUwQSUyMCUyMCUyMCUyMCUyMCUyMCUyMCUyMCUyMCUyMCUyMCUyMCUyMCUyMCUyMCUyMCUyMCUyMCUyMCUyMCUzQ2ElMjBjbGFzcyUzRCUyMmluZGljZS1saW5rcyUyMiUyMGhyZWYlM0QlMjIlMjMyMyUyMiUzRSUzQ3NwYW4lMjBjbGFzcyUzRCUyMmluZGljZS1zdWJ0aXR1bG9zJTIyJTNFJTIwUXVhbmRvJTIwcmVhcGxpY2FyJTIwbyUyMHByb3RldG9yJTIwc29sYXIlM0YlMjAlM0MlMkZzcGFuJTNFJTNDJTJGYSUzRSUzQ2JyJTNFJTBBJTIwJTIwJTIwJTIwJTIwJTIwJTIwJTIwJTIwJTIwJTIwJTIwJTIwJTIwJTIwJTIwJTIwJTIwJTIwJTIwJTNDYSUyMGNsYXNzJTNEJTIyaW5kaWNlLWxpbmtzJTIyJTIwaHJlZiUzRCUyMiUyMzI0JTIyJTNFJTNDc3BhbiUyMGNsYXNzJTNEJTIyaW5kaWNlLXN1YnRpdHVsb3MlMjIlM0UlMjAlQzMlODklMjBwcmVjaXNvJTIwcGFzc2FyJTIwcHJvdGV0b3IlMjBzb2xhciUyMHRvZG9zJTIwb3MlMjBkaWFzJTNGJTIwJTNDJTJGc3BhbiUzRSUzQyUyRmElM0UlM0NiciUzRSUwQSUyMCUyMCUyMCUyMCUyMCUyMCUyMCUyMCUyMCUyMCUyMCUyMCUyMCUyMCUyMCUyMCUyMCUyMCUyMCUyMCUzQ2ElMjBjbGFzcyUzRCUyMmluZGljZS1saW5rcyUyMiUyMGhyZWYlM0QlMjIlMjMyNSUyMiUzRSUzQ3NwYW4lMjBjbGFzcyUzRCUyMmluZGljZS1zdWJ0aXR1bG9zJTIyJTNFJTIwUHJvdGV0b3IlMjBzb2xhciUyMGFudGVzJTIwb3UlMjBkZXBvaXMlMjBkYSUyMG1hcXVpYWdlbSUzRiUyMCUzQyUyRnNwYW4lM0UlM0MlMkZhJTNFJTNDYnIlM0UlMEElMjAlMjAlMjAlMjAlMjAlMjAlMjAlMjAlMjAlMjAlMjAlMjAlMjAlMjAlMjAlMjAlMjAlMjAlMjAlMjAlM0NhJTIwY2xhc3MlM0QlMjJpbmRpY2UtbGlua3MlMjIlMjBocmVmJTNEJTIyJTIzMjYlMjIlM0UlM0NzcGFuJTIwY2xhc3MlM0QlMjJpbmRpY2UtdGl0dWxvcyUyMiUzRSUyMFF1YWwlMjAlQzMlQTklMjBvJTIwaW1wYWN0byUyMGFtYmllbnRhbCUyMGRvcyUyMHByb3RldG9yZXMlMjBzb2xhcmVzJTNGJTIwJTNDJTJGc3BhbiUzRSUzQyUyRmElM0UlM0NiciUzRSUwQSUyMCUyMCUyMCUyMCUyMCUyMCUyMCUyMCUyMCUyMCUyMCUyMCUyMCUyMCUyMCUyMCUyMCUyMCUyMCUyMCUzQ2ElMjBjbGFzcyUzRCUyMmluZGljZS1saW5rcyUyMiUyMGhyZWYlM0QlMjIlMjMyNyUyMiUzRSUzQ3NwYW4lMjBjbGFzcyUzRCUyMmluZGljZS1zdWJ0aXR1bG9zJTIyJTNFJTIwSW5ncmVkaWVudGVzJTIwZGUlMjBwcm90ZXRvcmVzJTIwc29sYXJlcyUyMHF1ZSUyMGFmZXRhbSUyMG9zJTIwb2NlYW5vcyUyMCUzQyUyRnNwYW4lM0UlM0MlMkZhJTNFJTNDYnIlM0UlMEElMjAlMjAlMjAlMjAlMjAlMjAlMjAlMjAlMjAlMjAlMjAlMjAlMjAlMjAlMjAlMjAlMjAlMjAlMjAlMjAlM0NhJTIwY2xhc3MlM0QlMjJpbmRpY2UtbGlua3MlMjIlMjBocmVmJTNEJTIyJTIzMjglMjIlM0UlM0NzcGFuJTIwY2xhc3MlM0QlMjJpbmRpY2Utc3VidGl0dWxvcyUyMiUzRSUyMFByb3RldG9yZXMlMjBzb2xhcmVzJTIwY2xlYW4lMjBiZWF1dHklMjAlM0MlMkZzcGFuJTNFJTNDJTJGYSUzRSUzQ2JyJTNFJTBBJTIwJTIwJTIwJTIwJTIwJTIwJTIwJTIwJTIwJTIwJTIwJTIwJTIwJTIwJTIwJTIwJTIwJTIwJTIwJTIwJTNDYSUyMGNsYXNzJTNEJTIyaW5kaWNlLWxpbmtzJTIyJTIwaHJlZiUzRCUyMiUyMzI5JTIyJTNFJTNDc3BhbiUyMGNsYXNzJTNEJTIyaW5kaWNlLXRpdHVsb3MlMjIlM0UlMjBPJTIwcXVlJTIwbWFpcyUyMCVDMyVBOSUyMGltcG9ydGFudGUlMjBzYWJlciUyMHNvYnJlJTIwcHJvdGV0b3IlMjBzb2xhciUzRiUyMCUzQyUyRnNwYW4lM0UlM0MlMkZhJTNFJTNDYnIlM0UlMEElMjAlMjAlMjAlMjAlMjAlMjAlMjAlMjAlMjAlMjAlMjAlMjAlMjAlMjAlMjAlMjAlMjAlMjAlMjAlMjAlM0NhJTIwY2xhc3MlM0QlMjJpbmRpY2UtbGlua3MlMjIlMjBocmVmJTNEJTIyJTIzMzAlMjIlM0UlM0NzcGFuJTIwY2xhc3MlM0QlMjJpbmRpY2Utc3VidGl0dWxvcyUyMiUzRSUyMFByb3RldG9yJTIwc29sYXIlMjBpbXBlZGUlMjB2aXRhbWluYSUyMEQlM0YlMjAlM0MlMkZzcGFuJTNFJTNDJTJGYSUzRSUzQ2JyJTNFJTBBJTIwJTIwJTIwJTIwJTIwJTIwJTIwJTIwJTIwJTIwJTIwJTIwJTIwJTIwJTIwJTIwJTIwJTIwJTIwJTIwJTNDYSUyMGNsYXNzJTNEJTIyaW5kaWNlLWxpbmtzJTIyJTIwaHJlZiUzRCUyMiUyMzMxJTIyJTNFJTNDc3BhbiUyMGNsYXNzJTNEJTIyaW5kaWNlLXN1YnRpdHVsb3MlMjIlM0UlMjBQcm90ZXRvciUyMHNvbGFyJTIwaGlkcmF0YSUyMGElMjBwZWxlJTNGJTIwJTNDJTJGc3BhbiUzRSUzQyUyRmElM0UlM0NiciUzRSUwQSUyMCUyMCUyMCUyMCUyMCUyMCUyMCUyMCUyMCUyMCUyMCUyMCUyMCUyMCUyMCUyMCUyMCUyMCUyMCUyMCUzQ2ElMjBjbGFzcyUzRCUyMmluZGljZS1saW5rcyUyMiUyMGhyZWYlM0QlMjIlMjMzMiUyMiUzRSUzQ3NwYW4lMjBjbGFzcyUzRCUyMmluZGljZS1zdWJ0aXR1bG9zJTIyJTNFJTIwUXVhbnRvJTIwdGVtcG8lMjBsZXZhJTIwcGFyYSUyMG8lMjBwcm90ZXRvciUyMHNvbGFyJTIwZmF6ZXIlMjBlZmVpdG8lM0YlMjAlM0MlMkZzcGFuJTNFJTNDJTJGYSUzRSUzQ2JyJTNFJTBBJTIwJTIwJTIwJTIwJTIwJTIwJTIwJTIwJTIwJTIwJTIwJTIwJTIwJTIwJTIwJTIwJTIwJTIwJTIwJTIwJTNDYSUyMGNsYXNzJTNEJTIyaW5kaWNlLWxpbmtzJTIyJTIwaHJlZiUzRCUyMiUyMzMzJTIyJTNFJTNDc3BhbiUyMGNsYXNzJTNEJTIyaW5kaWNlLXN1YnRpdHVsb3MlMjIlM0UlMjBQb2RlJTIwcGFzc2FyJTIwcHJvdGV0b3IlMjBzb2xhciUyMCVDMyVBMCUyMG5vaXRlJTNGJTIwJTNDJTJGc3BhbiUzRSUzQyUyRmElM0UlM0NiciUzRSUwQSUyMCUyMCUyMCUyMCUyMCUyMCUyMCUyMCUyMCUyMCUyMCUyMCUyMCUyMCUyMCUyMCUyMCUyMCUyMCUyMCUzQ2ElMjBjbGFzcyUzRCUyMmluZGljZS1saW5rcyUyMiUyMGhyZWYlM0QlMjIlMjMzNCUyMiUzRSUzQ3NwYW4lMjBjbGFzcyUzRCUyMmluZGljZS1zdWJ0aXR1bG9zJTIyJTNFJTIwUHJvdGV0b3IlMjBzb2xhciUyMHBvZGUlMjBjYXVzYXIlMjBhY25lJTNGJTIwJTNDJTJGc3BhbiUzRSUzQyUyRmElM0UlM0NiciUzRSUwQSUyMCUyMCUyMCUyMCUyMCUyMCUyMCUyMCUyMCUyMCUyMCUyMCUyMCUyMCUyMCUyMCUyMCUyMCUyMCUyMCUzQ2ElMjBjbGFzcyUzRCUyMmluZGljZS1saW5rcyUyMiUyMGhyZWYlM0QlMjIlMjMzNSUyMiUzRSUzQ3NwYW4lMjBjbGFzcyUzRCUyMmluZGljZS1zdWJ0aXR1bG9zJTIyJTNFJTIwUG9zc28lMjB1c2FyJTIwcHJvdGV0b3IlMjBzb2xhciUyMHZlbmNpZG8lM0YlMjAlM0MlMkZzcGFuJTNFJTNDJTJGYSUzRSUzQ2JyJTNFJTBBJTIwJTIwJTIwJTIwJTIwJTIwJTIwJTIwJTIwJTIwJTIwJTIwJTIwJTIwJTIwJTIwJTIwJTIwJTIwJTIwJTNDYSUyMGNsYXNzJTNEJTIyaW5kaWNlLWxpbmtzJTIyJTIwaHJlZiUzRCUyMiUyMzM2JTIyJTNFJTNDc3BhbiUyMGNsYXNzJTNEJTIyaW5kaWNlLXRpdHVsb3MlMjIlM0UlMjBDb21vJTIwZXNjb2xoZXIlMjBvJTIwcHJvdGV0b3IlMjBzb2xhciUyMGlkZWFsJTIwcGFyYSUyMHZvYyVDMyVBQSUzRiUyMCUzQyUyRnNwYW4lM0UlM0MlMkZhJTNFJTNDYnIlM0UlMEElMjAlMjAlMjAlMjAlMjAlMjAlMjAlMjAlMjAlMjAlMjAlMjAlMjAlMjAlMjAlMjAlMjAlMjAlMjAlMjAlM0NhJTIwY2xhc3MlM0QlMjJpbmRpY2UtbGlua3MlMjIlMjBocmVmJTNEJTIyJTIzMzclMjIlM0UlM0NzcGFuJTIwY2xhc3MlM0QlMjJpbmRpY2Utc3VidGl0dWxvcyUyMiUzRSUyMFByb3RldG9yJTIwc29sYXIlMjBlJTIwdGlwb3MlMjBkZSUyMHBlbGUlMjAlM0MlMkZzcGFuJTNFJTNDJTJGYSUzRSUzQ2JyJTNFJTBBJTIwJTIwJTIwJTIwJTIwJTIwJTIwJTIwJTIwJTIwJTIwJTIwJTIwJTIwJTIwJTIwJTIwJTIwJTIwJTIwJTNDYSUyMGNsYXNzJTNEJTIyaW5kaWNlLWxpbmtzJTIyJTIwaHJlZiUzRCUyMiUyMzM4JTIyJTNFJTNDc3BhbiUyMGNsYXNzJTNEJTIyaW5kaWNlLXN1YnRpdHVsb3MlMjIlM0UlMjBQcm90ZXRvciUyMHNvbGFyJTIwcGFyYSUyMGJlYiVDMyVBQXMlMjBlJTIwY3JpYW4lQzMlQTdhcyUyMCUzQyUyRnNwYW4lM0UlM0MlMkZhJTNFJTNDYnIlM0UlMEElMjAlMjAlMjAlMjAlMjAlMjAlMjAlMjAlMjAlMjAlMjAlMjAlMjAlMjAlMjAlMjAlMjAlMjAlMjAlMjAlM0NhJTIwY2xhc3MlM0QlMjJpbmRpY2UtbGlua3MlMjIlMjBocmVmJTNEJTIyJTIzMzklMjIlM0UlM0NzcGFuJTIwY2xhc3MlM0QlMjJpbmRpY2Utc3VidGl0dWxvcyUyMiUzRSUyMFByb3RldG9yJTIwc29sYXIlMjBwYXJhJTIwZ3IlQzMlQTF2aWRhcyUyMCUzQyUyRnNwYW4lM0UlM0MlMkZhJTNFJTNDYnIlM0UlMEElMjAlMjAlMjAlMjAlMjAlMjAlMjAlMjAlMjAlMjAlMjAlMjAlMjAlMjAlMjAlMjAlMjAlMjAlMjAlMjAlM0NhJTIwY2xhc3MlM0QlMjJpbmRpY2UtbGlua3MlMjIlMjBocmVmJTNEJTIyJTIzNDAlMjIlM0UlM0NzcGFuJTIwY2xhc3MlM0QlMjJpbmRpY2UtdGl0dWxvcyUyMiUzRSUyMFByb3RldG9yJTIwc29sYXIlMjB1cmJhbiUyMCUzQyUyRnNwYW4lM0UlM0MlMkZhJTNFJTNDYnIlM0UlMEElMjAlMjAlMjAlMjAlMjAlMjAlMjAlMjAlMjAlMjAlMjAlMjAlMjAlMjAlMjAlMjAlMjAlMjAlMjAlMjAlM0NhJTIwY2xhc3MlM0QlMjJpbmRpY2UtbGlua3MlMjIlMjBocmVmJTNEJTIyJTIzNDElMjIlM0UlM0NzcGFuJTIwY2xhc3MlM0QlMjJpbmRpY2UtdGl0dWxvcyUyMiUzRSUyMFJlZmVyJUMzJUFBbmNpYXMlMjAlM0MlMkZzcGFuJTNFJTNDJTJGYSUzRSUzQ2JyJTNFJTBBJTIwJTIwJTIwJTIwJTIwJTIwJTIwJTIwJTIwJTIwJTIwJTIwJTIwJTIwJTIwJTIwJTNDJTJGZGl2JTNFJTBBJTIwJTIwJTIwJTIwJTIwJTIwJTIwJTIwJTIwJTIwJTIwJTIwJTNDJTJGZGl2JTNFJTBBJTIwJTIwJTIwJTIwJTIwJTIwJTIwJTIwJTNDJTJGZGl2JTNFJTBBJTIwJTIwJTIwJTIwJTNDJTJGZGl2JTNFJTBBJTNDJTJGZGl2JTNFJTBBJTNDJTIxLS0lM0NkaXYlMjBpZCUzRCUyMjElMjIlMjBjbGFzcyUzRCUyMm1hcmdpbi1zY3JvbGwlMjIlM0UlM0MlMkZkaXYlM0UtLSUzRQ==[\/vc_raw_html][vc_column_text css=&#8221;&#8221;]<\/p>\n<div id=\"1\" class=\"margin-scroll\"><\/div>\n<p><span style=\"font-weight: 400;\">Com certeza voc\u00ea j\u00e1 ouviu falar que o protetor solar \u00e9 a melhor forma de se proteger dos efeitos do sol e tamb\u00e9m do envelhecimento precoce da pele. Tanto que esse \u00e9 um passo b\u00e1sico do <\/span><a href=\"https:\/\/www.noorskin.com.br\/blog\/skin-care\/\"><i><span style=\"font-weight: 400;\">skincare<\/span><\/i><\/a><span style=\"font-weight: 400;\"> em todas as rotinas, mesmo nas minimalistas.\u00a0<\/span><\/p>\n<p><span style=\"font-weight: 400;\">Mas voc\u00ea sabe como ele age na pele e por que o seu uso di\u00e1rio \u00e9 t\u00e3o importante? Alguma vez j\u00e1 se perguntou o que significam as informa\u00e7\u00f5es que est\u00e3o no r\u00f3tulo, como n\u00e3o comedog\u00eanico, amplo espectro e as siglas FPS, UVA e UVB? Teve d\u00favidas sobre como aplicar corretamente o produto ou n\u00e3o soube escolher a melhor op\u00e7\u00e3o para a sua pele?<\/span><\/p>\n<p><span style=\"font-weight: 400;\">Este guia completo traz tudo o que voc\u00ea precisa saber sobre o protetor solar e como fazer dele um aliado indispens\u00e1vel a favor de uma pele saud\u00e1vel e radiante todos os dias.\u00a0<\/span><\/p>\n<div id=\"1\" class=\"margin-scroll\"><\/div>\n<h2><span style=\"font-weight: 400;\">O que \u00e9 o protetor solar?<\/span><\/h2>\n<p><span style=\"font-weight: 400;\">O protetor solar \u00e9 um produto de uso t\u00f3pico desenvolvido com ingredientes capazes de reduzir a penetra\u00e7\u00e3o e os <\/span><a href=\"https:\/\/www.sciencedirect.com\/science\/article\/pii\/S0160412024001211\" target=\"_blank\" rel=\"noopener\"><span style=\"font-weight: 400;\">efeitos da radia\u00e7\u00e3o ultravioleta na pele<\/span><\/a><span style=\"font-weight: 400;\">. Dispon\u00edvel em diferentes apresenta\u00e7\u00f5es (creme, gel, spray, bast\u00e3o, p\u00f3, com ou sem cor), cont\u00e9m em sua formula\u00e7\u00e3o filtros solares que interferem na forma como os raios UV atingem a pele.\u00a0<\/span><\/p>\n<p><span style=\"font-weight: 400;\">Ainda, podem trazer outros ativos combinados aos filtros para conferir benef\u00edcios adicionais, como ampla prote\u00e7\u00e3o (prote\u00e7\u00e3o tamb\u00e9m contra outros tipos de radia\u00e7\u00e3o), hidrata\u00e7\u00e3o, r\u00e1pida absor\u00e7\u00e3o, toque seco, entre outros.\u00a0<\/span><\/p>\n<div id=\"2\" class=\"margin-scroll\"><\/div>\n<h2><span style=\"font-weight: 400;\">Como o protetor solar protege a pele?<\/span><\/h2>\n<p><span style=\"font-weight: 400;\">Esse tipo de produto pode conter em sua composi\u00e7\u00e3o filtros solares qu\u00edmicos ou f\u00edsicos que agem absorvendo, refletindo ou dispersando os raios UVA e UVB, reduzindo sua penetra\u00e7\u00e3o na pele e minimizando os danos \u00e0s c\u00e9lulas cut\u00e2neas.<\/span><\/p>\n<p>&nbsp;<\/p>\n<p><span style=\"font-weight: 400;\"><img loading=\"lazy\" decoding=\"async\" class=\"alignnone size-full wp-image-6012\" src=\"https:\/\/www.noorskin.com.br\/blog\/wp-content\/uploads\/2025\/03\/como-o-protetor-solar-protege-a-pele.jpg\" alt=\"Infogr\u00e1fico ilustrando como os raios UV penetram em uma pele sem prote\u00e7\u00e3o e em uma pele com protetor solar.\" width=\"2292\" height=\"937\" srcset=\"https:\/\/www.noorskin.com.br\/blog\/wp-content\/uploads\/2025\/03\/como-o-protetor-solar-protege-a-pele.jpg 2292w, https:\/\/www.noorskin.com.br\/blog\/wp-content\/uploads\/2025\/03\/como-o-protetor-solar-protege-a-pele-1536x628.jpg 1536w, https:\/\/www.noorskin.com.br\/blog\/wp-content\/uploads\/2025\/03\/como-o-protetor-solar-protege-a-pele-2048x837.jpg 2048w, https:\/\/www.noorskin.com.br\/blog\/wp-content\/uploads\/2025\/03\/como-o-protetor-solar-protege-a-pele-600x245.jpg 600w\" sizes=\"auto, (max-width: 2292px) 100vw, 2292px\" \/><\/span><\/p>\n<p>&nbsp;<\/p>\n<p><span style=\"font-weight: 400;\">No passado, os protetores solares eram formulados para bloquear apenas os raios UVB, respons\u00e1veis pelas queimaduras solares. Mas o avan\u00e7o das pesquisas demonstrou que os raios UVA tamb\u00e9m causam danos, assim como o infravermelho, a luz vis\u00edvel (incluindo a luz azul) e at\u00e9 mesmo a polui\u00e7\u00e3o.<\/span><\/p>\n<div id=\"3\" class=\"margin-scroll\"><\/div>\n<h3><span style=\"font-weight: 400;\">Filtro solar f\u00edsico<\/span><\/h3>\n<p><span style=\"font-weight: 400;\">Tamb\u00e9m conhecidos como minerais ou inorg\u00e2nicos, esse tipo de filtro \u00e9 composto por part\u00edculas de di\u00f3xido de tit\u00e2nio e\/ou \u00f3xido de zinco. Esses minerais ajudam a refletir ou dispersar a radia\u00e7\u00e3o solar, formando uma esp\u00e9cie de barreira que reduz a penetra\u00e7\u00e3o dos raios UV na pele.\u00a0<\/span><\/p>\n<p><span style=\"font-weight: 400;\">Por conta dessas caracter\u00edsticas, esse tipo de filtro \u00e9 considerado mais seguro para crian\u00e7as e gr\u00e1vidas. Tamb\u00e9m pode ser mais dif\u00edcil de espalhar, deixando a pele esbranqui\u00e7ada, al\u00e9m de ser mais resistente ao suor, o que pode diminuir a necessidade de reaplica\u00e7\u00e3o.<\/span><\/p>\n<div id=\"4\" class=\"margin-scroll\"><\/div>\n<h3><span style=\"font-weight: 400;\">Filtro solar qu\u00edmico<\/span><\/h3>\n<p><span style=\"font-weight: 400;\">J\u00e1 os filtros solares qu\u00edmicos ou org\u00e2nicos cont\u00eam compostos que absorvem os raios UV, convertendo essa energia em calor, que \u00e9 dissipado pela pele. Eles s\u00e3o geralmente mais leves e f\u00e1ceis de espalhar, sendo uma op\u00e7\u00e3o comum para quem prefere protetores invis\u00edveis ou formulados para o dia a dia. Al\u00e9m disso, muitos produtos combinam diferentes filtros qu\u00edmicos para oferecer prote\u00e7\u00e3o de amplo espectro contra as radia\u00e7\u00f5es UVA e UVB.\u00a0<\/span><\/p>\n<p><span style=\"font-weight: 400;\">Por fim, h\u00e1 alguns protetores solares que associam os dois tipos de filtros (f\u00edsicos e qu\u00edmicos). Nesses casos, o principal objetivo \u00e9 alcan\u00e7ar um alto FPS, sem comprometer a espalhabilidade do produto.<\/span><\/p>\n<div id=\"5\" class=\"margin-scroll\"><\/div>\n<h2><span style=\"font-weight: 400;\">Quais s\u00e3o os tipos de radia\u00e7\u00e3o e como agem na pele?<\/span><\/h2>\n<p><span style=\"font-weight: 400;\">Antes de falar mais sobre prote\u00e7\u00e3o de amplo espectro e para entender exatamente do que precisamos nos proteger, \u00e9 importante conhecer quais s\u00e3o os tipos de radia\u00e7\u00e3o solar e como cada uma delas age na pele.<\/span><\/p>\n<div id=\"6\" class=\"margin-scroll\"><\/div>\n<h3><span style=\"font-weight: 400;\">Ultravioleta B (UVB)<\/span><\/h3>\n<p><span style=\"font-weight: 400;\">Com maior intensidade entre \u00e0s 10h e \u00e0s 16h, os raios UVB atingem a camada mais superficial da pele (a epiderme) e s\u00e3o os principais respons\u00e1veis pelas queimaduras, pelos danos ao DNA celular e por doen\u00e7as como o c\u00e2ncer de pele.<\/span><\/p>\n<div id=\"7\" class=\"margin-scroll\"><\/div>\n<h3><span style=\"font-weight: 400;\">Ultravioleta A (UVA)<\/span><\/h3>\n<p><span style=\"font-weight: 400;\">Diferente da radia\u00e7\u00e3o UVB que tem um pico de intensidade durante o dia, os raios UVA est\u00e3o presentes o dia inteiro da mesma forma, independente do clima (nublado ou chuvoso) e s\u00e3o capazes de ultrapassar obst\u00e1culos como vidros e janelas.\u00a0<\/span><\/p>\n<p><span style=\"font-weight: 400;\">Ainda, penetram de forma mais profunda na pele (chegam at\u00e9 a derme) e, por isso, pode causar fotoenvelhecimento, degrada\u00e7\u00e3o do col\u00e1geno e da elastina, ressecamento, sensibilidade, <\/span><a href=\"https:\/\/www.noorskin.com.br\/blog\/manchas-de-sol\/\"><span style=\"font-weight: 400;\">manchas de sol<\/span><\/a><span style=\"font-weight: 400;\"> e at\u00e9 c\u00e2ncer.\u00a0<\/span><\/p>\n<p><span style=\"font-weight: 400;\">Isso, porque eles geram radicais livres, mol\u00e9culas agressivas que atacam o DNA das c\u00e9lulas, causando danos e at\u00e9 muta\u00e7\u00f5es que podem levar a esse e outros tipos de doen\u00e7as.<\/span><\/p>\n<div id=\"8\" class=\"margin-scroll\"><\/div>\n<h3><span style=\"font-weight: 400;\">Ultravioleta C (UVC)<\/span><\/h3>\n<p><span style=\"font-weight: 400;\">H\u00e1 ainda os raios UVC, o comprimento de onda mais energ\u00e9tico e perigoso da radia\u00e7\u00e3o UV, devido aos seus efeitos mutag\u00eanicos e carcinog\u00eanicos. Mas esses s\u00e3o bloqueados pela camada de oz\u00f4nio e n\u00e3o atingem a Terra (camada atmosf\u00e9rica).<\/span><\/p>\n<div id=\"9\" class=\"margin-scroll\"><\/div>\n<h3><span style=\"font-weight: 400;\">Radia\u00e7\u00e3o infravermelha (IV)<\/span><\/h3>\n<p><span style=\"font-weight: 400;\">Essa radia\u00e7\u00e3o tamb\u00e9m vem do sol, \u00e9 invis\u00edvel e penetra profundamente na pele. Ela \u00e9 respons\u00e1vel pela sensa\u00e7\u00e3o de calor e pode contribuir para o estresse oxidativo das c\u00e9lulas, acelerando o envelhecimento cut\u00e2neo.<\/span><\/p>\n<div id=\"10\" class=\"margin-scroll\"><\/div>\n<h3><span style=\"font-weight: 400;\">Luz vis\u00edvel<\/span><\/h3>\n<p><span style=\"font-weight: 400;\">Inclui toda a luz que conseguimos ver, emitida n\u00e3o apenas pelo sol, mas tamb\u00e9m por l\u00e2mpadas, telas de eletr\u00f4nicos e dispositivos LED. Pode causar hiperpigmenta\u00e7\u00e3o, agravando condi\u00e7\u00f5es como o melasma, e contribuir para o envelhecimento precoce da pele.<\/span><\/p>\n<div id=\"11\" class=\"margin-scroll\"><\/div>\n<h3><span style=\"font-weight: 400;\">Luz azul<\/span><\/h3>\n<p><span style=\"font-weight: 400;\">A luz azul faz parte do espectro da luz vis\u00edvel, apresenta comprimento de onda curto e alta energia. Por isso, tamb\u00e9m \u00e9 conhecida como <\/span><i><span style=\"font-weight: 400;\">high-energy visible light<\/span><\/i><span style=\"font-weight: 400;\"> ou HEV. Vinda principalmente das telas de TV, computadores e smartphones, chega at\u00e9 a derme e tem como principais efeitos o fotoenvelhecimento e a perda de firmeza, a hiperpigmenta\u00e7\u00e3o e a degrada\u00e7\u00e3o do col\u00e1geno.<\/span><\/p>\n<p>&nbsp;<\/p>\n<h2><span style=\"font-weight: 400;\"><img loading=\"lazy\" decoding=\"async\" class=\"alignnone size-full wp-image-6013\" src=\"https:\/\/www.noorskin.com.br\/blog\/wp-content\/uploads\/2025\/03\/espectro-de-cada-tipo-de-radiacao.jpg\" alt=\"Infogr\u00e1fico que mostra como \u00e9 o espectro de cada tipo de radia\u00e7\u00e3o: ultravioleta, luz vis\u00edvel e infravermelho. O gr\u00e1fico traz tamb\u00e9m o comprimento de onda de cada um.\" width=\"1240\" height=\"557\" srcset=\"https:\/\/www.noorskin.com.br\/blog\/wp-content\/uploads\/2025\/03\/espectro-de-cada-tipo-de-radiacao.jpg 1240w, https:\/\/www.noorskin.com.br\/blog\/wp-content\/uploads\/2025\/03\/espectro-de-cada-tipo-de-radiacao-600x270.jpg 600w\" sizes=\"auto, (max-width: 1240px) 100vw, 1240px\" \/><\/span><\/h2>\n<h2><\/h2>\n<p>&nbsp;<\/p>\n<div id=\"12\" class=\"margin-scroll\"><\/div>\n<h2><span style=\"font-weight: 400;\">O que significa prote\u00e7\u00e3o de amplo espectro?<\/span><\/h2>\n<p><span style=\"font-weight: 400;\">Pois bem, os protetores solares de amplo espectro s\u00e3o aqueles que oferecem prote\u00e7\u00e3o contra os raios UVA e UVB.\u00a0<\/span><\/p>\n<p><span style=\"font-weight: 400;\">Mas calma! J\u00e1 existem produtos com filtros solares de alta tecnologia e outros ativos, capazes de proteger a pele tamb\u00e9m contra os efeitos da luz azul e da radia\u00e7\u00e3o infravermelha, al\u00e9m de conter antioxidantes em suas formula\u00e7\u00f5es que contribuem para neutralizar os danos causados pela <\/span><a href=\"https:\/\/pubmed.ncbi.nlm.nih.gov\/26289769\/\" target=\"_blank\" rel=\"noopener\"><span style=\"font-weight: 400;\">polui\u00e7\u00e3o<\/span><\/a><span style=\"font-weight: 400;\">.<\/span><\/p>\n<div id=\"13\" class=\"margin-scroll\"><\/div>\n<h2><span style=\"font-weight: 400;\">Quais s\u00e3o os benef\u00edcios de usar protetor solar?<\/span><\/h2>\n<blockquote>\n<p><span style=\"font-weight: 400;\">Voc\u00ea sabia que cerca de 80% dos sinais vis\u00edveis de envelhecimento, como rugas, manchas e linhas finas s\u00e3o causados pela exposi\u00e7\u00e3o solar sem prote\u00e7\u00e3o?<\/span><\/p>\n<\/blockquote>\n<p><span style=\"font-weight: 400;\">Para complementar, de acordo com a <\/span><a href=\"https:\/\/www.sbd.org.br\/ser-humano-recebe-70-da-radiacao-solar-de-sua-vida-na-rotina-e-nao-no-lazer\/\" target=\"_blank\" rel=\"noopener\">Sociedade Brasileira de Dermatologia<\/a><span style=\"font-weight: 400;\">, 70% da radia\u00e7\u00e3o solar que o ser humano recebe na vida vem da sua rotina e apenas 30% dos momentos de lazer. Por isso, a recomenda\u00e7\u00e3o \u00e9 usar um protetor solar de amplo espectro todos os dias. Esse cuidado \u00e9 capaz de:<\/span><\/p>\n<ul>\n<li style=\"font-weight: 400;\" aria-level=\"1\"><span style=\"font-weight: 400;\">evitar queimaduras solares;<\/span><\/li>\n<li style=\"font-weight: 400;\" aria-level=\"1\"><a href=\"https:\/\/pubmed.ncbi.nlm.nih.gov\/28510141\/\" target=\"_blank\" rel=\"noopener\"><span style=\"font-weight: 400;\">prevenir o envelhecimento precoce e doen\u00e7as como o c\u00e2ncer de pele<\/span><\/a><span style=\"font-weight: 400;\">;<\/span><\/li>\n<li style=\"font-weight: 400;\" aria-level=\"1\"><span style=\"font-weight: 400;\">reduzir o surgimento de manchas e sardas;<\/span><\/li>\n<li style=\"font-weight: 400;\" aria-level=\"1\"><span style=\"font-weight: 400;\">evitar o agravamento de condi\u00e7\u00f5es como acne, ros\u00e1cea e melasma;<\/span><\/li>\n<li style=\"font-weight: 400;\" aria-level=\"1\"><span style=\"font-weight: 400;\">manter a pele mais hidratada;<\/span><\/li>\n<li style=\"font-weight: 400;\" aria-level=\"1\"><span style=\"font-weight: 400;\">favorecer o <\/span><a href=\"https:\/\/essentia.com.br\/conteudos\/bronzeamento-natural\" target=\"_blank\" rel=\"noopener\"><span style=\"font-weight: 400;\">bronzeado natural<\/span><\/a><span style=\"font-weight: 400;\">;<\/span><\/li>\n<li style=\"font-weight: 400;\" aria-level=\"1\"><span style=\"font-weight: 400;\">neutralizar subst\u00e2ncias nocivas presentes no ar das grandes cidades e que podem ficar acumuladas sobre a pele (benef\u00edcio de produtos que trazem em sua composi\u00e7\u00e3o ativos antipolui\u00e7\u00e3o).<\/span><\/li>\n<\/ul>\n<div id=\"14\" class=\"margin-scroll\"><\/div>\n<h2><span style=\"font-weight: 400;\">Por que \u00e9 importante combinar protetor solar e antioxidantes?<\/span><\/h2>\n<p><span style=\"font-weight: 400;\">Para potencializar ainda mais os efeitos do seu protetor solar, pois eles atuam como aliados. Os antioxidantes ajudam a combater os <\/span><a href=\"https:\/\/www.essentialnutrition.com.br\/conteudos\/radicais-livres-e-antioxidantes-o-que-sao-e-como-atuam\/\" target=\"_blank\" rel=\"noopener\"><span style=\"font-weight: 400;\">radicais livres<\/span><\/a><span style=\"font-weight: 400;\"> gerados pela exposi\u00e7\u00e3o \u00e0 radia\u00e7\u00e3o solar, prevenindo o fotoenvelhecimento. Esses compostos tamb\u00e9m auxiliam na produ\u00e7\u00e3o de novas fibras de col\u00e1geno, contribuindo ainda mais para o sistema de defesa da pele.<\/span><\/p>\n<p><span style=\"font-weight: 400;\">Al\u00e9m do uso t\u00f3pico de ativos com benef\u00edcios comprovados, como a <\/span><a href=\"https:\/\/pmc.ncbi.nlm.nih.gov\/articles\/PMC5605218\/\" target=\"_blank\" rel=\"noopener\"><span style=\"font-weight: 400;\">vitamina C<\/span><\/a><span style=\"font-weight: 400;\">, \u00e9 poss\u00edvel tamb\u00e9m ingerir antioxidantes por meio da alimenta\u00e7\u00e3o e suplementos espec\u00edficos, como os <\/span><a href=\"https:\/\/www.noorskin.com.br\/brilliance-nutraceutico?utm_source=blog&amp;utm_medium=link&amp;utm_campaign=produto&amp;utm_term=brilliance-nutraceutico&amp;utm_content=protetor-solar\" target=\"_blank\" rel=\"noopener\"><span style=\"font-weight: 400;\">nutricosm\u00e9ticos<\/span><\/a><span style=\"font-weight: 400;\">, potencializando os cuidados com a pele tamb\u00e9m de dentro para fora.<\/span><\/p>\n<div id=\"15\" class=\"margin-scroll\"><\/div>\n<h2><span style=\"font-weight: 400;\">O que significa protetor solar n\u00e3o comedog\u00eanico?<\/span><\/h2>\n<p><span style=\"font-weight: 400;\">Os produtos n\u00e3o comedog\u00eanicos s\u00e3o desenvolvidos para n\u00e3o obstruir os poros, reduzindo o surgimento de acne e cravos.\u00a0<\/span><\/p>\n<p><span style=\"font-weight: 400;\">Explicando melhor, os poros s\u00e3o pequenas aberturas na pele respons\u00e1veis por liberar suor e sebo, subst\u00e2ncias essenciais para a prote\u00e7\u00e3o e hidrata\u00e7\u00e3o natural da epiderme. Quando obstru\u00eddos por res\u00edduos ou c\u00e9lulas mortas, podem favorecer o surgimento de acne e cravos em todos os tipos de pele, principalmente nas oleosas.\u00a0<\/span><\/p>\n<p><span style=\"font-weight: 400;\">Por isso, a import\u00e2ncia de usar f\u00f3rmulas n\u00e3o comedog\u00eanicas, que minimizam a obstru\u00e7\u00e3o dos poros e ajudam a manter a pele mais equilibrada e saud\u00e1vel.<\/span><\/p>\n<div id=\"16\" class=\"margin-scroll\"><\/div>\n<h3><span style=\"font-weight: 400;\">Como saber se um protetor solar \u00e9 n\u00e3o comedog\u00eanico?<\/span><\/h3>\n<p><span style=\"font-weight: 400;\">Um bom ponto de partida \u00e9 observar o r\u00f3tulo do produto com aten\u00e7\u00e3o e procurar pelo termo \u201cn\u00e3o comedog\u00eanico\u201d. Isso significa que o produto foi testado dermatologicamente, pois essa informa\u00e7\u00e3o n\u00e3o pode ser usada sem testes. Voc\u00ea tamb\u00e9m ir\u00e1 perceber que esses produtos apresentam texturas leves e fluidas, pois elas s\u00e3o menos propensas a se acumular nos poros.<\/span><\/p>\n<div id=\"17\" class=\"margin-scroll\"><\/div>\n<h2><span style=\"font-weight: 400;\">O que \u00e9 o FPS no protetor solar?<\/span><\/h2>\n<p><span style=\"font-weight: 400;\">Ainda sobre informa\u00e7\u00f5es que constam nos r\u00f3tulos dos protetores solares e podem gerar d\u00favidas est\u00e1 o Fator de Prote\u00e7\u00e3o Solar. O FPS indica o quanto a pele pode ficar exposta ao sol sem sofrer danos. Um protetor solar facial com FPS 50, por exemplo, protege a pele 50 vezes mais do que se ela estivesse sem prote\u00e7\u00e3o.<\/span><\/p>\n<p><span style=\"font-weight: 400;\">Ainda, \u00e9 uma medida que indica o n\u00edvel de prote\u00e7\u00e3o que o produto oferece especificamente contra os raios UVB, respons\u00e1veis por causar queimaduras solares. N\u00e3o mede a prote\u00e7\u00e3o contra os raios UVA.<\/span><\/p>\n<div id=\"18\" class=\"margin-scroll\"><\/div>\n<h3><span style=\"font-weight: 400;\">PPD ou PA<\/span><\/h3>\n<p><span style=\"font-weight: 400;\">O PPD (do ingl\u00eas <\/span><i><span style=\"font-weight: 400;\">persistent pigment darkening)<\/span><\/i><span style=\"font-weight: 400;\"> \u00e9 o que mede a prote\u00e7\u00e3o contra os raios UVA na pele. Essa \u201cmedida\u201d geralmente aparece na embalagem como PA++, UVA++ FP-UVA (Fator de Prote\u00e7\u00e3o-UVA) e deve ser no m\u00ednimo \u2153 do FPS para ser considerada eficaz. Ou seja, ao optar por um protetor solar com FPS 30, o PPD deve ser no m\u00ednimo 10.<\/span><\/p>\n<div id=\"19\" class=\"margin-scroll\"><\/div>\n<h3><span style=\"font-weight: 400;\">Qual \u00e9 a diferen\u00e7a entre FPS 30 e 50+?<\/span><\/h3>\n<p><span style=\"font-weight: 400;\">Talvez voc\u00ea j\u00e1 tenha ouvido falar que os protetores solares com FPS acima de 30 s\u00e3o todos iguais. Por\u00e9m, isso \u00e9 um mito e, para entender o porqu\u00ea, vamos trazer dois conceitos importantes relacionados aos filtros solares: a absorb\u00e2ncia e a transmit\u00e2ncia.<\/span><\/p>\n<ul>\n<li style=\"font-weight: 400;\" aria-level=\"1\"><b>Absorb\u00e2ncia: <\/b><span style=\"font-weight: 400;\">\u00e9 o quanto o filtro solar \u00e9 capaz de absorver a radia\u00e7\u00e3o, ou seja, \u00e9 o quanto ele \u00e9 capaz de proteger a sua pele.<\/span><\/li>\n<li style=\"font-weight: 400;\" aria-level=\"1\"><b>Transmit\u00e2ncia:<\/b><span style=\"font-weight: 400;\"> \u00e9 o quanto de energia solar consegue passar pelo filtro e atingir a pele.<\/span><\/li>\n<\/ul>\n<p><span style=\"font-weight: 400;\">Logo, quanto maior a absorb\u00e2ncia, menor a transmit\u00e2ncia. Essa rela\u00e7\u00e3o pode ser observada no gr\u00e1fico abaixo, que traz a radia\u00e7\u00e3o UV absorvida (absorb\u00e2ncia) e a quantidade transmitida (transmit\u00e2ncia) de acordo com os valores de FPS de um protetor solar.<\/span><\/p>\n<p><span style=\"font-weight: 400;\"><img loading=\"lazy\" decoding=\"async\" class=\"alignnone wp-image-6014\" src=\"https:\/\/www.noorskin.com.br\/blog\/wp-content\/uploads\/2025\/03\/grafico-transmitancia-absorbancia.jpg\" alt=\"\" width=\"489\" height=\"480\" srcset=\"https:\/\/www.noorskin.com.br\/blog\/wp-content\/uploads\/2025\/03\/grafico-transmitancia-absorbancia.jpg 1035w, https:\/\/www.noorskin.com.br\/blog\/wp-content\/uploads\/2025\/03\/grafico-transmitancia-absorbancia-600x590.jpg 600w\" sizes=\"auto, (max-width: 489px) 100vw, 489px\" \/><\/span><\/p>\n<p><span style=\"font-weight: 400;\">Observe que, se considerarmos apenas a prote\u00e7\u00e3o, os protetores com FPS 30 e com FPS 50 n\u00e3o t\u00eam uma diferen\u00e7a muito significativa. Isso, porque o FPS 30 \u00e9 capaz de filtrar 96,7% da radia\u00e7\u00e3o, enquanto o FPS 50 filtra 98,3%. Por\u00e9m, ao analisar o quanto de radia\u00e7\u00e3o passa pelos filtros e atinge a pele, temos 3,3% no FPS 30 e 1,7% no FPS 50.<\/span><\/p>\n<p><span style=\"font-weight: 400;\">Ou seja, os protetores solares com FPS 30 deixam passar o dobro de radia\u00e7\u00e3o UV quando comparados aos FPS 50+. Por isso, os produtos com FPS 50 ou mais s\u00e3o considerados uma op\u00e7\u00e3o mais adequada para uso di\u00e1rio, principalmente para pessoas que t\u00eam uma exposi\u00e7\u00e3o maior durante o dia, queimam facilmente ou t\u00eam hist\u00f3rico de c\u00e2ncer de pele na fam\u00edlia.<\/span><\/p>\n<div id=\"20\" class=\"margin-scroll\"><\/div>\n<h3><span style=\"font-weight: 400;\">Existe diferen\u00e7a entre protetor solar facial e corporal?\u00a0<\/span><\/h3>\n<p><span style=\"font-weight: 400;\">Sim. Os protetores solares faciais s\u00e3o desenvolvidos para atender \u00e0s necessidades da pele do rosto, que \u00e9 mais fina, sens\u00edvel e propensa \u00e0 oleosidade. Por isso, costumam apresentar uma textura mais leve, n\u00e3o comedog\u00eanica e que interage bem com a maquiagem.\u00a0<\/span><\/p>\n<p><span style=\"font-weight: 400;\">Al\u00e9m de oferecer prote\u00e7\u00e3o contra os raios UV, muitos desses produtos possuem f\u00f3rmulas com benef\u00edcios adicionais, como controle do brilho, hidrata\u00e7\u00e3o e defesa contra polui\u00e7\u00e3o e luz azul. Essa prote\u00e7\u00e3o adicional \u00e9 importante porque a regi\u00e3o facial (rosto, pesco\u00e7o e colo) costuma ficar mais exposta a esses agressores no dia a dia do que outras partes do corpo.<\/span><\/p>\n<ul>\n<li style=\"font-weight: 400;\" aria-level=\"1\"><i><span style=\"font-weight: 400;\">Leia tamb\u00e9m: <\/span><\/i><a href=\"https:\/\/www.noorskin.com.br\/blog\/pode-passar-hidratante-corporal-no-rosto\/\"><i><span style=\"font-weight: 400;\">\u201cPode passar hidratante corporal no rosto?\u201d<\/span><\/i><\/a><\/li>\n<\/ul>\n<div id=\"21\" class=\"margin-scroll\"><\/div>\n<h2><span style=\"font-weight: 400;\">Como usar o protetor solar corretamente?<\/span><\/h2>\n<p><span style=\"font-weight: 400;\">Para obter todos os benef\u00edcios do protetor solar na pele \u00e9 essencial aplicar o produto de forma correta. Al\u00e9m da quantidade certa e da necessidade de reaplica\u00e7\u00e3o, tamb\u00e9m \u00e9 importante saber como combin\u00e1-lo a outros produtos da sua rotina de cuidados.<\/span><\/p>\n<div id=\"22\" class=\"margin-scroll\"><\/div>\n<h3><span style=\"font-weight: 400;\">Qual \u00e9 a quantidade ideal de protetor solar para o rosto e o corpo?<\/span><\/h3>\n<p><span style=\"font-weight: 400;\">A Sociedade Brasileira de Dermatologia (SBD) utiliza a regra da colher de ch\u00e1 para orientar o quanto de protetor solar deve ser aplicado. Veja na figura abaixo a quantidade ideal para cada regi\u00e3o do corpo:<\/span><\/p>\n<h3><span style=\"font-weight: 400;\"><img loading=\"lazy\" decoding=\"async\" class=\"alignnone size-full wp-image-6015\" src=\"https:\/\/www.noorskin.com.br\/blog\/wp-content\/uploads\/2025\/03\/quantidade-ideal-de-protetor-solar.jpg\" alt=\"Infogr\u00e1fico do corpo humano com a quantidade ideal de protetor solar para cada parte.\" width=\"1353\" height=\"1065\" srcset=\"https:\/\/www.noorskin.com.br\/blog\/wp-content\/uploads\/2025\/03\/quantidade-ideal-de-protetor-solar.jpg 1353w, https:\/\/www.noorskin.com.br\/blog\/wp-content\/uploads\/2025\/03\/quantidade-ideal-de-protetor-solar-600x472.jpg 600w\" sizes=\"auto, (max-width: 1353px) 100vw, 1353px\" \/><\/span><\/h3>\n<h3><\/h3>\n<div id=\"23\" class=\"margin-scroll\"><\/div>\n<h3><span style=\"font-weight: 400;\">Quando reaplicar o protetor solar?<\/span><\/h3>\n<p><span style=\"font-weight: 400;\">O recomendado \u00e9 reaplicar o produto a cada 2 ou 4 horas. Mas, em caso de contato com a \u00e1gua ou se voc\u00ea estiver suando muito, o ideal \u00e9 reaplicar mais vezes. Tamb\u00e9m \u00e9 essencial observar as orienta\u00e7\u00f5es de cada protetor solar, pois elas podem variar.<\/span><\/p>\n<p><span style=\"font-weight: 400;\">Para produtos que trazem um tempo diferente de reaplica\u00e7\u00e3o, \u00e9 importante verificar se essa informa\u00e7\u00e3o \u00e9 comprovada por estudos realizados com a f\u00f3rmula.<\/span><\/p>\n<div id=\"24\" class=\"margin-scroll\"><\/div>\n<h3><span style=\"font-weight: 400;\">\u00c9 preciso passar protetor solar todos os dias?<\/span><\/h3>\n<p><span style=\"font-weight: 400;\">Sim, e de prefer\u00eancia logo cedo, durante a sua rotina de skincare. A necessidade de proteger a pele n\u00e3o est\u00e1 relacionada \u00e0 previs\u00e3o do tempo ou a estar em um ambiente fechado, mas sim \u00e0s agress\u00f5es \u00e0s quais a sua pele pode estar exposta, como a radia\u00e7\u00e3o UV, a luz vis\u00edvel e a polui\u00e7\u00e3o.<\/span><\/p>\n<p><span style=\"font-weight: 400;\">Alguns desses agressores atravessam as nuvens e tamb\u00e9m os vidros das janelas, sem contar os que est\u00e3o diante de voc\u00ea como a luz azul das telas.<\/span><\/p>\n<div id=\"25\" class=\"margin-scroll\"><\/div>\n<h3><span style=\"font-weight: 400;\">Protetor solar antes ou depois da maquiagem?\u00a0<\/span><\/h3>\n<p><span style=\"font-weight: 400;\">A prote\u00e7\u00e3o solar \u00e9 a \u00faltima etapa do skincare e, por isso, \u00e9 recomendado aplicar o protetor solar facial ap\u00f3s o hidratante e antes da maquiagem. Ainda, para n\u00e3o comprometer a efic\u00e1cia, \u00e9 importante escolher um produto com uma f\u00f3rmula que se adapte bem \u00e0 aplica\u00e7\u00e3o da make, sem comprometer a prote\u00e7\u00e3o da pele.\u00a0<\/span><\/p>\n<ul>\n<li style=\"font-weight: 400;\" aria-level=\"1\"><i><span style=\"font-weight: 400;\">Tudo o que voc\u00ea precisa saber sobre <\/span><\/i><a href=\"https:\/\/www.noorskin.com.br\/blog\/ordem-dos-produtos-de-skincare\/\"><i><span style=\"font-weight: 400;\">qual \u00e9 a ordem dos produtos de skincare<\/span><\/i><\/a><i><span style=\"font-weight: 400;\">.<\/span><\/i><\/li>\n<\/ul>\n<div id=\"26\" class=\"margin-scroll\"><\/div>\n<h2><span style=\"font-weight: 400;\">Qual \u00e9 o impacto ambiental dos protetores solares?<\/span><\/h2>\n<p><span style=\"font-weight: 400;\">At\u00e9 agora falamos apenas dos benef\u00edcios do uso do protetor solar. Embora sejam considerados essenciais para a sa\u00fade da pele, alguns ingredientes presentes nas suas formula\u00e7\u00f5es podem ser nocivos e causar danos ao meio ambiente e ao nosso organismo. Entender quais s\u00e3o esses ativos e os seus efeitos \u00e9 fundamental para fazer escolhas mais conscientes.<\/span><\/p>\n<div id=\"27\" class=\"margin-scroll\"><\/div>\n<h3><span style=\"font-weight: 400;\">Ingredientes de protetores solares que afetam os oceanos<\/span><\/h3>\n<p><span style=\"font-weight: 400;\">Alguns filtros UV muito utilizados em protetores solares cont\u00eam subst\u00e2ncias que s\u00e3o absorvidas pela pele e podem se acumular no organismo, causando danos \u00e0 sa\u00fade. Tamb\u00e9m, quando em contato com a \u00e1gua e o meio ambiente, esses ingredientes podem prejudicar ecossistemas, especialmente os marinhos.\u00a0<\/span><\/p>\n<h4><span style=\"font-weight: 400;\">Oxibenzona e octinoxato<\/span><\/h4>\n<p><span style=\"font-weight: 400;\">Muito comuns em protetores solares, protetores labiais e produtos de cuidados pessoais como xampus, a <\/span><a href=\"https:\/\/pubmed.ncbi.nlm.nih.gov\/30507815\/\" target=\"_blank\" rel=\"noopener\"><span style=\"font-weight: 400;\">oxibenzona e o octinoxato<\/span><\/a><span style=\"font-weight: 400;\"> podem provocar rea\u00e7\u00f5es al\u00e9rgicas na pele, atuar como potenciais <\/span><a href=\"https:\/\/www.noorskin.com.br\/blog\/disruptores-endocrinos-cosmeticos\/\"><span style=\"font-weight: 400;\">disruptores end\u00f3crinos<\/span><\/a><span style=\"font-weight: 400;\"> em humanos e em outros organismos e causar o branqueamento dos corais.\u00a0<\/span><\/p>\n<p><span style=\"font-weight: 400;\">Para se ter uma ideia, o Hava\u00ed aprovou uma legisla\u00e7\u00e3o que pro\u00edbe o uso de produtos com esses ingredientes, especialmente perto de praias, com o intuito de preservar a vida marinha.<\/span><\/p>\n<h4><span style=\"font-weight: 400;\">Octocrileno, homosalato e avobenzona<\/span><\/h4>\n<p><span style=\"font-weight: 400;\">Outros ingredientes encontrados em filtros solares e que podem ser preocupantes s\u00e3o:<\/span><\/p>\n<ul>\n<li style=\"font-weight: 400;\" aria-level=\"1\"><span style=\"font-weight: 400;\">\u00a0o <\/span><b>octocrileno<\/b><span style=\"font-weight: 400;\">, associado \u00e0 toxicidade aqu\u00e1tica, especialmente em rela\u00e7\u00e3o \u00e0 sa\u00fade dos corais;<\/span><\/li>\n<li style=\"font-weight: 400;\" aria-level=\"1\"><span style=\"font-weight: 400;\">o<\/span><b> homosalato<\/b><span style=\"font-weight: 400;\">, ativo relacionado a dist\u00farbios hormonais em humanos;<\/span><\/li>\n<li style=\"font-weight: 400;\" aria-level=\"1\"><span style=\"font-weight: 400;\">e a <\/span><b>avobenzona<\/b><span style=\"font-weight: 400;\">, talvez um dos ativos mais utilizados para prote\u00e7\u00e3o dos raios UVA, pode causar alergias na pele e interferir no sistema end\u00f3crino.<\/span><\/li>\n<\/ul>\n<div id=\"28\" class=\"margin-scroll\"><\/div>\n<h3><span style=\"font-weight: 400;\">Protetores solares <\/span><i><span style=\"font-weight: 400;\">clean beauty<\/span><\/i><\/h3>\n<p><span style=\"font-weight: 400;\">Uma forma de reduzir o impacto ambiental e a exposi\u00e7\u00e3o do corpo a subst\u00e2ncias potencialmente nocivas \u00e9 escolher produtos com f\u00f3rmulas limpas. Mas como saber se o protetor que voc\u00ea usa \u00e9 seguro? Algumas dicas que podem ajudar nesse sentido s\u00e3o:<\/span><\/p>\n<ul>\n<li style=\"font-weight: 400;\" aria-level=\"1\"><span style=\"font-weight: 400;\">optar por protetores solares de marcas <\/span><i><span style=\"font-weight: 400;\">clean<\/span><\/i><span style=\"font-weight: 400;\">, ou seja, aquelas que possuem selos e certifica\u00e7\u00f5es de terceiros que atestam a qualidade e a seguran\u00e7a dos seus produtos;<\/span><\/li>\n<li style=\"font-weight: 400;\" aria-level=\"1\"><span style=\"font-weight: 400;\">escolher produtos com f\u00f3rmulas livres de filtros UV nocivos, ou seja, sem oxibenzona, octinoxato, octocrileno e demais ingredientes citados acima;<\/span><\/li>\n<li style=\"font-weight: 400;\" aria-level=\"1\"><span style=\"font-weight: 400;\">observar se o produto possui o selo <\/span><a href=\"https:\/\/www.personal-care.basf.com\/ecosunpass\" target=\"_blank\" rel=\"noopener\"><span style=\"font-weight: 400;\">EcoSun Pass<\/span><\/a><span style=\"font-weight: 400;\">, que avalia a compatibilidade ambiental dos filtros solares por meio de rigorosos crit\u00e9rios, garantindo que os protetores sejam menos agressivos ao ecossistema marinho e mais seguros para os recifes de coral;<\/span><\/li>\n<li style=\"font-weight: 400;\" aria-level=\"1\"><span style=\"font-weight: 400;\">ao utilizar protetores minerais ou f\u00edsicos, optar pelas vers\u00f5es compostas por di\u00f3xido de tit\u00e2nio e \u00f3xido de zinco n\u00e3o nano, considerados op\u00e7\u00f5es mais seguras para a vida marinha, para a pele e para o corpo.<\/span><\/li>\n<\/ul>\n<div id=\"29\" class=\"margin-scroll\"><\/div>\n<h2><span style=\"font-weight: 400;\">O que mais \u00e9 importante saber sobre protetor solar?<\/span><\/h2>\n<p><span style=\"font-weight: 400;\">Como o protetor solar \u00e9 um dos produtos que mais gera d\u00favidas entre consumidores, trouxemos algumas das principais quest\u00f5es, e talvez at\u00e9 alguns mitos, para esclarecer para voc\u00ea.<\/span><\/p>\n<div id=\"30\" class=\"margin-scroll\"><\/div>\n<h3><span style=\"font-weight: 400;\">Protetor solar impede vitamina D?<\/span><\/h3>\n<p><span style=\"font-weight: 400;\">O protetor solar pode reduzir a s\u00edntese de <\/span><a href=\"https:\/\/www.essentialnutrition.com.br\/conteudos\/vitamina-d\/\" target=\"_blank\" rel=\"noopener\"><span style=\"font-weight: 400;\">vitamina D<\/span><\/a><span style=\"font-weight: 400;\"> na pele, mas o seu uso n\u00e3o impede completamente essa produ\u00e7\u00e3o. Isso, porque mesmo com um fator de prote\u00e7\u00e3o alto, nenhum filtro solar consegue bloquear 100% dos raios UVB, principais respons\u00e1veis por desencadear a produ\u00e7\u00e3o dessa vitamina.<\/span><\/p>\n<p><span style=\"font-weight: 400;\">Al\u00e9m disso, n\u00e3o \u00e9 necess\u00e1rio se expor ao sol por muito tempo e nem com o corpo todo para que a vitamina D seja produzida. Cerca de 10 a 15 minutos com os bra\u00e7os ou pernas no sol j\u00e1 \u00e9 o suficiente. Mesmo assim, a <\/span><a href=\"https:\/\/sbdrs.org.br\/uso-do-protetor-solar-nao-bloqueia-por-completo-a-acao-da-radiacao-e-a-consequente-producao-de-vitamina-d\/\" target=\"_blank\" rel=\"noopener\"><span style=\"font-weight: 400;\">Sociedade Brasileira de Dermatologia<\/span><\/a><span style=\"font-weight: 400;\"> recomenda o uso regular de protetor solar para prevenir danos causados pela radia\u00e7\u00e3o ultravioleta, como o c\u00e2ncer de pele.\u00a0<\/span><\/p>\n<p><span style=\"font-weight: 400;\">Uma dica \u00e9 realizar exames anuais para verificar os n\u00edveis de vitamina D. Em caso de defici\u00eancia, o mais indicado \u00e9 repor esse nutriente por meio de mudan\u00e7as na alimenta\u00e7\u00e3o ou por suplementa\u00e7\u00e3o.<\/span><\/p>\n<div id=\"31\" class=\"margin-scroll\"><\/div>\n<h3><span style=\"font-weight: 400;\">Protetor solar hidrata a pele?<\/span><\/h3>\n<p><span style=\"font-weight: 400;\">A principal fun\u00e7\u00e3o do protetor \u00e9 proteger. No entanto, alguns produtos possuem ativos hidratantes em sua formula\u00e7\u00e3o, como o \u00e1cido hialur\u00f4nico, que ajudam a reter a hidrata\u00e7\u00e3o e a fortalecer a <\/span><a href=\"https:\/\/www.noorskin.com.br\/blog\/barreira-cutanea\/\"><span style=\"font-weight: 400;\">barreira cut\u00e2nea<\/span><\/a><span style=\"font-weight: 400;\">, prevenindo o ressecamento causado pela exposi\u00e7\u00e3o ao sol.<\/span><\/p>\n<div id=\"32\" class=\"margin-scroll\"><\/div>\n<h3><span style=\"font-weight: 400;\">Quanto tempo leva para o protetor solar fazer efeito?<\/span><\/h3>\n<p><span style=\"font-weight: 400;\">A Sociedade Brasileira de Dermatologia recomenda aplicar o protetor pelo menos 15 minutos antes de se expor ao sol. O ideal \u00e9 esperar o produto secar na pele para que ofere\u00e7a o m\u00e1ximo de benef\u00edcio.<\/span><\/p>\n<div id=\"33\" class=\"margin-scroll\"><\/div>\n<h3><span style=\"font-weight: 400;\">Pode passar protetor solar \u00e0 noite?<\/span><\/h3>\n<p><span style=\"font-weight: 400;\">O ideal \u00e9 dormir sem protetor solar, pois \u00e9 durante o sono que a pele aproveita para se regenerar e reparar os danos sofridos ao longo do dia. Al\u00e9m disso, ela n\u00e3o estar\u00e1 exposta ao sol ou muita radia\u00e7\u00e3o e luzes nesse per\u00edodo.<\/span><\/p>\n<ul>\n<li style=\"font-weight: 400;\" aria-level=\"1\"><i><span style=\"font-weight: 400;\">Saiba mais sobre o <\/span><\/i><a href=\"https:\/\/www.noorskin.com.br\/blog\/ciclo-circadiano-da-pele\/\"><i><span style=\"font-weight: 400;\">ciclo circadiano da pele<\/span><\/i><\/a><i><span style=\"font-weight: 400;\"> e o que acontece com ela ao longo de 24h.<\/span><\/i><\/li>\n<\/ul>\n<div id=\"34\" class=\"margin-scroll\"><\/div>\n<h3><span style=\"font-weight: 400;\">Protetor solar pode causar acne?<\/span><\/h3>\n<p><span style=\"font-weight: 400;\">Depende da formula\u00e7\u00e3o. Alguns protetores solares podem ser mais oleosos e obstruir os poros, causando acne. Por isso, \u00e9 importante sempre escolher vers\u00f5es n\u00e3o comedog\u00eanicas, mesmo que voc\u00ea tenha pele seca.<\/span><\/p>\n<div id=\"35\" class=\"margin-scroll\"><\/div>\n<h3><span style=\"font-weight: 400;\">Posso usar protetor solar vencido?<\/span><\/h3>\n<p><span style=\"font-weight: 400;\">O ideal \u00e9 descartar o seu protetor solar vencido. Isso, porque al\u00e9m de comprometer a efic\u00e1cia, aumentando o risco de queimaduras solares, o produto pode desencadear rea\u00e7\u00f5es al\u00e9rgicas ou causar irrita\u00e7\u00f5es na pele.\u00a0<\/span><\/p>\n<div id=\"36\" class=\"margin-scroll\"><\/div>\n<h2><span style=\"font-weight: 400;\">Como escolher o protetor solar ideal para voc\u00ea?<\/span><\/h2>\n<p><span style=\"font-weight: 400;\">A <\/span><a href=\"https:\/\/essentia.com.br\/conteudos\/como-escolher-protetor-solar\/\" target=\"_blank\" rel=\"noopener\"><span style=\"font-weight: 400;\">escolha do protetor solar<\/span><\/a><span style=\"font-weight: 400;\"> ideal depende de v\u00e1rios fatores. Para n\u00e3o errar, algumas caracter\u00edsticas podem ser fundamentais na hora da compra.<\/span><\/p>\n<ul>\n<li style=\"font-weight: 400;\" aria-level=\"1\"><b>Conforto:<\/b><span style=\"font-weight: 400;\"> como \u00e9 algo para ser usado todos os dias, \u00e9 importante que o produto n\u00e3o cause ard\u00eancia nos olhos, tenha textura fluida, para n\u00e3o deixar a pele com sensa\u00e7\u00e3o pegajosa, e boa espalhabilidade, al\u00e9m de ser compat\u00edvel com os outros cosm\u00e9ticos e com a maquiagem;<\/span><\/li>\n<li style=\"font-weight: 400;\" aria-level=\"1\"><b>FPS: <\/b><span style=\"font-weight: 400;\">embora os produtos com FPS 30 ofere\u00e7am uma boa prote\u00e7\u00e3o, pessoas com a pele clara tendem a queimar com facilidade e, por isso, devem optar por produtos com FPS 50 ou mais;\u00a0<\/span><\/li>\n<li style=\"font-weight: 400;\" aria-level=\"1\"><b>Ampla prote\u00e7\u00e3o:<\/b><span style=\"font-weight: 400;\"> como no dia a dia a pele est\u00e1 exposta a outros agressores al\u00e9m da radia\u00e7\u00e3o solar (UVA e UVB), vale considerar produtos com f\u00f3rmulas que protegem tamb\u00e9m contra os efeitos da polui\u00e7\u00e3o, da luz azul e da radia\u00e7\u00e3o infravermelha.<\/span><\/li>\n<\/ul>\n<div id=\"37\" class=\"margin-scroll\"><\/div>\n<h3><span style=\"font-weight: 400;\">Protetor solar e tipos de pele<\/span><\/h3>\n<p><span style=\"font-weight: 400;\">O seu tipo de pele tamb\u00e9m pode influenciar na escolha do protetor solar, afinal, ela tem necessidades espec\u00edficas que devem ser consideradas. Por\u00e9m, algumas caracter\u00edsticas s\u00e3o essenciais a todas as peles, como n\u00e3o obstruir os poros, conter ativos hidratantes, mas que n\u00e3o deixem a pele oleosa, e ativos antioxidantes que contribuem para prevenir o surgimento dos primeiros sinais do envelhecimento.<\/span><\/p>\n<p><span style=\"font-weight: 400;\">Ainda, caso sua pele apresente condi\u00e7\u00f5es como melasma, ros\u00e1cea ou acne, \u00e9 importante consultar um dermatologista para buscar orienta\u00e7\u00f5es mais espec\u00edficas.<\/span><\/p>\n<div id=\"38\" class=\"margin-scroll\"><\/div>\n<h3><span style=\"font-weight: 400;\">Protetor solar para beb\u00eas e crian\u00e7as<\/span><\/h3>\n<p><span style=\"font-weight: 400;\">Os pequenos tamb\u00e9m devem usar protetor solar diariamente a partir dos 6 meses de idade. Antes disso, o recomendado \u00e9 evitar a exposi\u00e7\u00e3o solar direta, pois a pele do beb\u00ea \u00e9 muito sens\u00edvel. Caso seja necess\u00e1rio, procure proteg\u00ea-lo com barreiras f\u00edsicas, como roupas e chap\u00e9us.<\/span><\/p>\n<p><span style=\"font-weight: 400;\">Para beb\u00eas com 6 meses ou mais e para crian\u00e7as, o ideal \u00e9 optar por protetores solares espec\u00edficos para peles sens\u00edveis, preferencialmente f\u00edsicos (minerais), pois eles formam uma barreira na superf\u00edcie da pele sem risco de absor\u00e7\u00e3o de subst\u00e2ncias qu\u00edmicas.<\/span><\/p>\n<p><span style=\"font-weight: 400;\">Ainda, \u00e9 importante escolher f\u00f3rmulas hipoalerg\u00eanicas, livres de fragr\u00e2ncias, de parabenos, de silicones e outras subst\u00e2ncias nocivas \u00e0 sa\u00fade, al\u00e9m de testadas dermatologicamente e resistentes \u00e0 \u00e1gua para garantir maior seguran\u00e7a e efic\u00e1cia.<\/span><\/p>\n<p><span style=\"font-weight: 400;\">Por fim, vale evitar sair ao ar livre nos hor\u00e1rios mais quentes (entre 10h e 16h) e proteger a pele dos pequenos tamb\u00e9m com chap\u00e9us, bon\u00e9s e roupas com prote\u00e7\u00e3o UV.\u00a0<\/span><\/p>\n<div id=\"39\" class=\"margin-scroll\"><\/div>\n<h3><span style=\"font-weight: 400;\">Protetor solar para gr\u00e1vidas<\/span><\/h3>\n<p><span style=\"font-weight: 400;\">A principal caracter\u00edstica de um protetor solar para gr\u00e1vidas \u00e9 a seguran\u00e7a. Logo, assim como os <\/span><a href=\"https:\/\/www.noorskin.com.br\/blog\/cosmeticos-para-gestantes\/\"><span style=\"font-weight: 400;\">cosm\u00e9ticos para gestantes<\/span><\/a><span style=\"font-weight: 400;\">, o ideal \u00e9 optar por f\u00f3rmulas \u00e0 base de minerais e livres de subst\u00e2ncias que possam ser nocivas para a m\u00e3e e o beb\u00ea.\u00a0\u00a0<\/span><\/p>\n<p><span style=\"font-weight: 400;\">Outro ponto a ser observado s\u00e3o as mudan\u00e7as que ocorrem na pele durante a gesta\u00e7\u00e3o. \u00c9 comum que as mam\u00e3es observem o surgimento ou o agravamento de condi\u00e7\u00f5es como acne, melasma e hiperpigmenta\u00e7\u00e3o. Por isso, a escolha do melhor protetor solar tamb\u00e9m deve levar isso em considera\u00e7\u00e3o.<\/span><\/p>\n<div id=\"40\" class=\"margin-scroll\"><\/div>\n<h2><span style=\"font-weight: 400;\">Protetor solar <\/span><i><span style=\"font-weight: 400;\">urban<\/span><\/i><\/h2>\n<p><span style=\"font-weight: 400;\"><img loading=\"lazy\" decoding=\"async\" class=\"alignnone size-full wp-image-6016\" src=\"https:\/\/www.noorskin.com.br\/blog\/wp-content\/uploads\/2025\/03\/protetor-solar-facial-urban-suncare.jpg\" alt=\"Imagem focada no rosto de uma mulher e no protetor solar facial da Noorskin, o Urban Suncare. A mulher tem a pele clara e est\u00e1 de olhos fechados, segurando o produto em uma das m\u00e3os.\" width=\"375\" height=\"400\" \/><\/span><\/p>\n<p><span style=\"font-weight: 400;\">Ideal para o dia a dia, um protetor solar<\/span><i><span style=\"font-weight: 400;\"> urban<\/span><\/i><span style=\"font-weight: 400;\"> \u00e9 formulado especificamente para atender \u00e0s necessidades da pele em ambientes urbanos. Pensando nisso, a Noorskin desenvolveu o Urban Suncare FPS 50, um protetor solar facial multifuncional que acompanha o ritmo di\u00e1rio e entende as necessidades da pele. Sua f\u00f3rmula inteligente conta com:<\/span><\/p>\n<ul>\n<li style=\"font-weight: 400;\" aria-level=\"1\"><span style=\"font-weight: 400;\">textura leve e confort\u00e1vel, ideal para uso di\u00e1rio;<\/span><span style=\"font-weight: 400;\"><br \/>\n<\/span><\/li>\n<li aria-level=\"1\"><span style=\"font-weight: 400;\">prote\u00e7\u00e3o de amplo espectro contra raios UVA e UVB, luz azul e radia\u00e7\u00e3o infravermelha;<\/span><\/li>\n<li style=\"font-weight: 400;\" aria-level=\"1\"><span style=\"font-weight: 400;\">defesa antipolui\u00e7\u00e3o, que ajuda a neutralizar os danos causados pela polui\u00e7\u00e3o na pele;<\/span><\/li>\n<li style=\"font-weight: 400;\" aria-level=\"1\"><span style=\"font-weight: 400;\">benef\u00edcios well-aging, que contribuem para prevenir o fotoenvelhecimento e aliviar os sinais de fadiga;<\/span><\/li>\n<li style=\"font-weight: 400;\" aria-level=\"1\"><span style=\"font-weight: 400;\">hidrata\u00e7\u00e3o equilibrada, sem deixar a pele oleosa ou pegajosa, e fortalecimento da fun\u00e7\u00e3o de barreira.<\/span><\/li>\n<\/ul>\n<p><span style=\"font-weight: 400;\">Tudo isso com ingredientes limpos, livres de subst\u00e2ncias com potencial nocivo para a sa\u00fade humana e o meio ambiente, e efic\u00e1cia cl\u00ednica comprovada. Apaixone-se pelo <\/span><a href=\"https:\/\/www.noorskin.com.br\/urban-suncare-protetor-solar-facial-multifuncional?utm_source=blog&amp;utm_medium=link&amp;utm_campaign=produto&amp;utm_term=urban-suncare&amp;utm_content=protetor-solar\" target=\"_blank\" rel=\"noopener\"><span style=\"font-weight: 400;\">Urban Suncare<\/span><\/a><span style=\"font-weight: 400;\">.<\/span><br \/>\n[\/vc_column_text][\/vc_column][vc_column][vc_tta_accordion style=&#8221;modern&#8221; c_icon=&#8221;chevron&#8221; c_position=&#8221;right&#8221; active_section=&#8221;55&#8243; collapsible_all=&#8221;true&#8221; el_class=&#8221;acordeon-posts&#8221; el_id=&#8221;41&#8243;][vc_tta_section title=&#8221;Refer\u00eancias&#8221; tab_id=&#8221;1681139197023-ba625f4b-7e4b&#8221; el_class=&#8221;referencias-post&#8221;][vc_column_text css=&#8221;&#8221;]<span style=\"font-weight: 400;\">MCNEILL AM, et al. <\/span><b>Prote\u00e7\u00e3o solar e vitamina D. <\/b><span style=\"font-weight: 400;\">Funda\u00e7\u00e3o do C\u00e2ncer de Pele, 2019. Dispon\u00edvel em: &lt;https:\/\/www.skincancer.org\/pt\/blog\/sun-protection-and-vitamin-d\/&gt;. Acesso em: 04 de fevereiro de 2025.\u00a0<\/span><\/p>\n<p><span style=\"font-weight: 400;\">SCHALKA S, et al. <\/span><b>Fator de prote\u00e7\u00e3o solar: significado e controv\u00e9rsias.<\/b><span style=\"font-weight: 400;\"> Anais Brasileiros de Dermatologia, 2011. Dispon\u00edvel em: &lt;https:\/\/www.scielo.br\/j\/abd\/a\/8XDWfBdfgbXckLqgFg8SgXR\/?format=pdf&gt;. Acesso em: 04 de fevereiro de 2025.\u00a0<\/span><\/p>\n<p><span style=\"font-weight: 400;\">SOCIEDADE BRASILEIRA DE DERMATOLOGIA. <\/span><b>Sob o sol com sa\u00fade e bem-estar: guia de fotoprote\u00e7\u00e3o da Sociedade Brasileira de Dermatologia (SBD).<\/b><span style=\"font-weight: 400;\"> 2022. Dispon\u00edvel em: &lt;https:\/\/issuu.com\/sbd.br\/docs\/sbd-guiafotoprotecao&gt;. Acesso em: 04 de fevereiro de 2025.\u00a0<\/span><\/p>\n<p><span style=\"font-weight: 400;\">SILLER A, et al. <\/span><b>Update about the effects of the sunscreen ingredients oxybenzone and octinoxate on humans and the environment. <\/b><span style=\"font-weight: 400;\">Plastic Surgical Nursing, 2018. Dispon\u00edvel em: &lt;https:\/\/pubmed.ncbi.nlm.nih.gov\/30507815\/&gt;. Acesso em: 04 de fevereiro de 2025.\u00a0<\/span><\/p>\n<p><span style=\"font-weight: 400;\">ENVIRONMENTAL WORKING GROUP. <\/span><b>The trouble with ingredients in sunscreens.<\/b><span style=\"font-weight: 400;\"> EWG&#8217;s Guide to Sunscreens\u00ae. Dispon\u00edvel em: &lt;https:\/\/www.ewg.org\/sunscreen\/report\/the-trouble-with-sunscreen-chemicals\/&gt;. Acesso em: 05 de fevereiro de 2025.\u00a0<\/span><\/p>\n<p><span style=\"font-weight: 400;\">MANCEBO SE, et al. <\/span><b>Recognizing the impact of ambient air pollution on skin health.<\/b><span style=\"font-weight: 400;\"> Journal of the European Academy of Dermatology and Venereology: JEADV, 2015. Dispon\u00edvel: &lt;https:\/\/pubmed.ncbi.nlm.nih.gov\/26289769\/&gt;. Acesso em: 05 de fevereiro de 2025.\u00a0<\/span><\/p>\n<p><span style=\"font-weight: 400;\">TANG X, et al. <\/span><b>Current insights and future perspectives of ultraviolet radiation (UV) exposure: friends and foes to the skin and beyond the skin.<\/b><span style=\"font-weight: 400;\"> Environment International, 2024. Dispon\u00edvel em: &lt;https:\/\/www.sciencedirect.com\/science\/article\/pii\/S0160412024001211&gt;. Acesso em: 05 de fevereiro de 2025.\u00a0<\/span><\/p>\n<p><span style=\"font-weight: 400;\">MANCUSO JB, et al. <\/span><b>Sunscreens: an update.<\/b><span style=\"font-weight: 400;\"> American Journal of Clinical Dermatology, 2017. Dispon\u00edvel em: &lt;https:\/\/pubmed.ncbi.nlm.nih.gov\/28510141\/&gt;. Acesso em: 05 de fevereiro de 2025.\u00a0<\/span>[\/vc_column_text][\/vc_tta_section][\/vc_tta_accordion][\/vc_column][\/vc_row][vc_row el_id=&#8221;bloco-produtos&#8221;][vc_column][vc_basic_grid post_type=&#8221;product&#8221; max_items=&#8221;4&#8243; element_width=&#8221;3&#8243; gap=&#8221;15&#8243; orderby=&#8221;title&#8221; item=&#8221;2842&#8243; css=&#8221;&#8221; grid_id=&#8221;vc_gid:1752676158261-71a03e34-24a6-0&#8243; el_class=&#8221;post-grid-produtos&#8221; taxonomies=&#8221;71, 72, 43, 54&#8243;][\/vc_column][\/vc_row]<\/p>\n<\/div>","protected":false},"excerpt":{"rendered":"<p>Voc\u00ea usa protetor solar? Conhece os diferentes tipos e sabe por que esse produto \u00e9 importante para a sa\u00fade e a beleza da pele? Continue a leitura e descubra.<\/p>\n","protected":false},"author":5,"featured_media":6017,"comment_status":"closed","ping_status":"closed","sticky":false,"template":"","format":"standard","meta":{"inline_featured_image":false,"footnotes":""},"categories":[59,60],"tags":[10,14,17,21],"class_list":["post-6010","post","type-post","status-publish","format-standard","has-post-thumbnail","hentry","category-mind","category-skin","tag-fashion","tag-lifestyle","tag-news","tag-style"],"_links":{"self":[{"href":"https:\/\/www.noorskin.com.br\/blog\/wp-json\/wp\/v2\/posts\/6010","targetHints":{"allow":["GET"]}}],"collection":[{"href":"https:\/\/www.noorskin.com.br\/blog\/wp-json\/wp\/v2\/posts"}],"about":[{"href":"https:\/\/www.noorskin.com.br\/blog\/wp-json\/wp\/v2\/types\/post"}],"author":[{"embeddable":true,"href":"https:\/\/www.noorskin.com.br\/blog\/wp-json\/wp\/v2\/users\/5"}],"replies":[{"embeddable":true,"href":"https:\/\/www.noorskin.com.br\/blog\/wp-json\/wp\/v2\/comments?post=6010"}],"version-history":[{"count":14,"href":"https:\/\/www.noorskin.com.br\/blog\/wp-json\/wp\/v2\/posts\/6010\/revisions"}],"predecessor-version":[{"id":6167,"href":"https:\/\/www.noorskin.com.br\/blog\/wp-json\/wp\/v2\/posts\/6010\/revisions\/6167"}],"wp:featuredmedia":[{"embeddable":true,"href":"https:\/\/www.noorskin.com.br\/blog\/wp-json\/wp\/v2\/media\/6017"}],"wp:attachment":[{"href":"https:\/\/www.noorskin.com.br\/blog\/wp-json\/wp\/v2\/media?parent=6010"}],"wp:term":[{"taxonomy":"category","embeddable":true,"href":"https:\/\/www.noorskin.com.br\/blog\/wp-json\/wp\/v2\/categories?post=6010"},{"taxonomy":"post_tag","embeddable":true,"href":"https:\/\/www.noorskin.com.br\/blog\/wp-json\/wp\/v2\/tags?post=6010"}],"curies":[{"name":"wp","href":"https:\/\/api.w.org\/{rel}","templated":true}]}}