{"id":6040,"date":"2025-04-29T10:44:30","date_gmt":"2025-04-29T13:44:30","guid":{"rendered":"https:\/\/www.noorskin.com.br\/blog\/?p=6040"},"modified":"2025-04-29T10:56:43","modified_gmt":"2025-04-29T13:56:43","slug":"por-que-proteger-a-pele","status":"publish","type":"post","link":"https:\/\/www.noorskin.com.br\/blog\/por-que-proteger-a-pele\/","title":{"rendered":"Por que proteger a pele todos os dias?"},"content":{"rendered":"<div class=\"wpb-content-wrapper\"><p>[vc_row][vc_column][vc_column_text css=&#8221;&#8221;]<span style=\"font-weight: 400;\">N\u00f3s j\u00e1 falamos diversas vezes por aqui sobre a import\u00e2ncia do cuidado com a pele como um compromisso com a sa\u00fade e o bem-estar, e n\u00e3o apenas como uma quest\u00e3o de beleza. Afinal, ela tem diversas fun\u00e7\u00f5es no organismo que v\u00e3o al\u00e9m da est\u00e9tica.<\/span><\/p>\n<p><span style=\"font-weight: 400;\">Gra\u00e7as a ela, o nosso corpo tem uma prote\u00e7\u00e3o extra contra microrganismos patog\u00eanicos que podem ser prejudiciais \u00e0 sa\u00fade, conseguimos nos adaptar a diferentes temperaturas de acordo com o clima e podemos sentir diferentes carinhos, c\u00f3cegas, dor, entre outras sensa\u00e7\u00f5es.\u00a0<\/span><\/p>\n<p><span style=\"font-weight: 400;\">Ela tamb\u00e9m serve como um alerta quando algo n\u00e3o vai bem. Uma mancha, uma espinha ou uma rea\u00e7\u00e3o al\u00e9rgica s\u00e3o sinais de que alguma coisa est\u00e1 em desequil\u00edbrio no nosso organismo. Pode ser o sono, o intestino ou <\/span><a href=\"https:\/\/www.noorskin.com.br\/blog\/conexao-mente-e-pele\/\"><span style=\"font-weight: 400;\">as emo\u00e7\u00f5es<\/span><\/a><span style=\"font-weight: 400;\">, por exemplo.\u00a0<\/span><\/p>\n<p><span style=\"font-weight: 400;\">Por tudo isso, resolvemos aprofundar um pouco mais o tema prote\u00e7\u00e3o da pele, explicar por que \u00e9 necess\u00e1rio, do que ela precisa ser protegida, os benef\u00edcios desse cuidado e as melhores pr\u00e1ticas para mant\u00ea-la saud\u00e1vel e radiante ao longo do tempo.<\/span><\/p>\n<h2><span style=\"font-weight: 400;\">Por que sua pele precisa de prote\u00e7\u00e3o todos os dias (mesmo sem sol)?<\/span><\/h2>\n<p><span style=\"font-weight: 400;\">Por que a pele est\u00e1 em contato com o ambiente externo o tempo todo. Mesmo dentro de casa ou no trabalho, que geralmente s\u00e3o ambientes fechados, a pele sofre agress\u00f5es de diversos agentes. Esses agressores contribuem principalmente para a produ\u00e7\u00e3o de radicais livres que, em excesso, impactam o funcionamento e a sa\u00fade cut\u00e2nea.<\/span><\/p>\n<p><span style=\"font-weight: 400;\">Ou seja, ela sente os efeitos do clima, da polui\u00e7\u00e3o do ar, dos raios ultravioletas e da luz azul emitida pelas telas dos equipamentos eletr\u00f4nicos, al\u00e9m de outros tipos de radia\u00e7\u00e3o. N\u00e3o se trata apenas do sol.<\/span><\/p>\n<p><span style=\"font-weight: 400;\">Por esse mesmo motivo, quando pensamos em prote\u00e7\u00e3o n\u00e3o podemos atribuir toda a responsabilidade ao protetor solar. Al\u00e9m do uso de roupas e acess\u00f3rios adequados, manter uma rotina de cuidados, oferecendo \u00e0 pele uma boa limpeza e ativos hidratantes, por exemplo, contribui para fortalecer a <\/span><a href=\"https:\/\/www.noorskin.com.br\/blog\/barreira-cutanea\/\"><span style=\"font-weight: 400;\">barreira cut\u00e2nea<\/span><\/a><span style=\"font-weight: 400;\">, mantendo a pele mais protegida e saud\u00e1vel ao longo do tempo.<\/span><\/p>\n<h2><span style=\"font-weight: 400;\">Quais s\u00e3o os benef\u00edcios de proteger a pele?<\/span><\/h2>\n<p><span style=\"font-weight: 400;\">\u00c9 importante saber que os danos sofridos pela pele no dia a dia s\u00e3o cumulativos. Na maioria das vezes nem percebemos, mas \u00e9 um pouco de sol todos os dias, um pouco de luz artificial, mais um pouco de polui\u00e7\u00e3o e por a\u00ed adiante. Por isso, proteger a pele de forma adequada \u00e9 a melhor forma para:<\/span><\/p>\n<ul>\n<li style=\"font-weight: 400;\" aria-level=\"1\"><b>prevenir o envelhecimento precoce:<\/b><span style=\"font-weight: 400;\"> evita que os radicais livres gerados por agressores externos, como os raios ultravioleta e a polui\u00e7\u00e3o, danifiquem o DNA das c\u00e9lulas e contribuam para a degrada\u00e7\u00e3o do col\u00e1geno e da elastina da pele, o que favorece o surgimento de rugas, linhas de express\u00e3o e flacidez;<\/span><\/li>\n<li style=\"font-weight: 400;\" aria-level=\"1\"><b>reduzir o risco de doen\u00e7as de pele: <\/b><span style=\"font-weight: 400;\">diminui significativamente a incid\u00eancia de les\u00f5es cancer\u00edgenas, dermatite at\u00f3pica e psor\u00edase, al\u00e9m de prevenir o agravamento de condi\u00e7\u00f5es como acne e ros\u00e1cea;<\/span><\/li>\n<li style=\"font-weight: 400;\" aria-level=\"1\"><b>controlar o surgimento de manchas e uniformizar o tom da pele:<\/b><span style=\"font-weight: 400;\"> \u00e9 uma maneira de n\u00e3o estimular a hiperpigmenta\u00e7\u00e3o, o que ajuda no tratamento de melasma, al\u00e9m de prevenir o surgimento de outras manchas, como as sardas;<\/span><\/li>\n<li style=\"font-weight: 400;\" aria-level=\"1\"><b>evitar queimaduras de pele:<\/b><span style=\"font-weight: 400;\"> causadas principalmente pela exposi\u00e7\u00e3o solar direta e sem prote\u00e7\u00e3o nos hor\u00e1rios em que a intensidade dos raios UVB \u00e9 maior (entre as 10h e \u00e0s 16h);<\/span><\/li>\n<li style=\"font-weight: 400;\" aria-level=\"1\"><b>manter a integridade da barreira cut\u00e2nea:<\/b><span style=\"font-weight: 400;\"> \u00e9 uma forma de fortalecer a barreira de prote\u00e7\u00e3o natural da pele, deixando-a mais resistente e menos sens\u00edvel e propensa a irrita\u00e7\u00f5es e inflama\u00e7\u00f5es.<\/span><\/li>\n<\/ul>\n<h2><span style=\"font-weight: 400;\">Do que devemos proteger a pele?<\/span><\/h2>\n<h3><span style=\"font-weight: 400;\">Raios UVA e UVB<\/span><\/h3>\n<p><span style=\"font-weight: 400;\">Os raios ultravioleta s\u00e3o respons\u00e1veis por grande parte dos danos \u00e0 pele. Os UVB causam queimaduras solares, enquanto os UVA penetram mais profundamente, acelerando o envelhecimento e contribuindo para o aparecimento de manchas e rugas. Ambos est\u00e3o relacionados ao c\u00e2ncer de pele e s\u00e3o prejudiciais mesmo em dias nublados e chuvosos.<\/span><\/p>\n<h3><span style=\"font-weight: 400;\">Radia\u00e7\u00e3o infravermelha<\/span><\/h3>\n<p><span style=\"font-weight: 400;\">A radia\u00e7\u00e3o infravermelha (IV) tamb\u00e9m vem do sol. Respons\u00e1vel por provocar aquela sensa\u00e7\u00e3o de calor, ela penetra profundamente na pele e contribui principalmente para acelerar o envelhecimento da pele.<\/span><\/p>\n<h3><span style=\"font-weight: 400;\">Polui\u00e7\u00e3o<\/span><\/h3>\n<p><span style=\"font-weight: 400;\">A exposi\u00e7\u00e3o di\u00e1ria \u00e0 polui\u00e7\u00e3o ambiental, como a fuma\u00e7a de carros, f\u00e1bricas, queimadas e cigarro, al\u00e9m de part\u00edculas finas que ficam suspensas no ar, pode comprometer a barreira cut\u00e2nea, aumentando a produ\u00e7\u00e3o de radicais livres e contribuindo para o envelhecimento precoce.<\/span><\/p>\n<ul>\n<li style=\"font-weight: 400;\" aria-level=\"1\"><i><span style=\"font-weight: 400;\">Saiba mais em: <\/span><\/i><a href=\"https:\/\/www.noorskin.com.br\/blog\/efeitos-da-poluicao-e-radiacao-na-pele\/\"><i><span style=\"font-weight: 400;\">\u201cProteja sua pele dos efeitos da polui\u00e7\u00e3o e da radia\u00e7\u00e3o solar\u201d<\/span><\/i><\/a><i><span style=\"font-weight: 400;\">.<\/span><\/i><\/li>\n<\/ul>\n<h3><span style=\"font-weight: 400;\">Luz azul<\/span><\/h3>\n<p><span style=\"font-weight: 400;\">A luz azul emitida por telas de celulares, computadores e l\u00e2mpadas LED tamb\u00e9m afeta a pele. Estudos indicam que a exposi\u00e7\u00e3o prolongada pode contribuir para o estresse oxidativo, favorecendo o envelhecimento precoce e a hiperpigmenta\u00e7\u00e3o.<\/span><\/p>\n<h2><span style=\"font-weight: 400;\">O que \u00e9 bom para proteger a pele?<\/span><\/h2>\n<p><span style=\"font-weight: 400;\">Agora que voc\u00ea j\u00e1 sabe do que se proteger, vamos dar algumas dicas de como fazer isso diariamente por meio de atitudes simples. Quanto mais medidas voc\u00ea conseguir adotar na sua rotina, menos a sua pele ser\u00e1 impactada pelos agentes agressores que acabamos de ver.<\/span><\/p>\n<h3><span style=\"font-weight: 400;\">1. Acess\u00f3rios e roupas com prote\u00e7\u00e3o UV<\/span><\/h3>\n<p><span style=\"font-weight: 400;\">O uso de camisetas de manga longa e cal\u00e7as compridas ou de roupas com prote\u00e7\u00e3o UV, assim como de acess\u00f3rios (bon\u00e9, chap\u00e9u, viseira e \u00f3culos de sol) \u00e9 uma forma efetiva de proteger a pele contra a radia\u00e7\u00e3o solar.\u00a0<\/span><\/p>\n<p><span style=\"font-weight: 400;\">Esses itens formam uma barreira f\u00edsica entre a pele e os raios UV, o que ajuda a minimizar os danos causados pela exposi\u00e7\u00e3o ao sol de forma confi\u00e1vel e eficaz. Ainda, quando bem utilizados, correspondem a uma alternativa segura para quem tem alergia ao protetor solar ou sofre com dermatites de contato, por exemplo.\u00a0<\/span><\/p>\n<h3><span style=\"font-weight: 400;\">2. Exposi\u00e7\u00e3o solar em hor\u00e1rios adequados<\/span><\/h3>\n<p><span style=\"font-weight: 400;\">\u00c9 importante evitar a exposi\u00e7\u00e3o solar direta entre as 10h e \u00e0s 16h, per\u00edodo em que a radia\u00e7\u00e3o UVB \u00e9 mais intensa e danosa. Nesse per\u00edodo do dia, procure ficar na sombra e adotar medidas de fotoprote\u00e7\u00e3o, mesmo em dias nublados ou chuvosos.<\/span><\/p>\n<ul>\n<li style=\"font-weight: 400;\" aria-level=\"1\"><i><span style=\"font-weight: 400;\">O que voc\u00ea precisa saber sobre <\/span><\/i><a href=\"https:\/\/www.noorskin.com.br\/blog\/fotoprotecao\/\"><i><span style=\"font-weight: 400;\">fotoprote\u00e7\u00e3o<\/span><\/i><\/a><i><span style=\"font-weight: 400;\">.<\/span><\/i><\/li>\n<\/ul>\n<h3><span style=\"font-weight: 400;\">3. Alimenta\u00e7\u00e3o equilibrada e rica em antioxidantes<\/span><\/h3>\n<p><span style=\"font-weight: 400;\">Uma dieta rica em antioxidantes ajuda a fortalecer as defesas naturais da pele. Isso, porque essas subst\u00e2ncias atuam no combate aos radicais livres produzidos pelos agressores externos, contribuindo para minimizar os danos causados pelos raios UV, pela polui\u00e7\u00e3o, pela luz azul e por outros tipos de radia\u00e7\u00e3o.<\/span><\/p>\n<p><span style=\"font-weight: 400;\">Eles est\u00e3o presentes na alimenta\u00e7\u00e3o, em suplementos (como os <\/span><a href=\"https:\/\/www.noorskin.com.br\/produtos\/nutricosmetico\"><span style=\"font-weight: 400;\">nutricosm\u00e9ticos<\/span><\/a><span style=\"font-weight: 400;\">) e mesmo em cosm\u00e9ticos. Alguns exemplos s\u00e3o os carotenoides, o resveratrol, a coenzima Q10, a niacinamida e as vitaminas C e E.<\/span><\/p>\n<p><span style=\"font-weight: 400;\">Al\u00e9m disso, vale manter a hidrata\u00e7\u00e3o de dentro para fora. Beber em m\u00e9dia 2 litros de \u00e1gua por dia \u00e9 fundamental para ajudar o corpo a eliminar toxinas e impurezas, repor l\u00edquidos e manter a integridade da barreira cut\u00e2nea, prevenindo o ressecamento e a descama\u00e7\u00e3o da pele.<\/span><\/p>\n<h3><span style=\"font-weight: 400;\">4. Rotina de skincare consistente<\/span><\/h3>\n<p><span style=\"font-weight: 400;\">Manter uma rotina de cuidados com a pele, incluindo uma boa limpeza, hidrata\u00e7\u00e3o e uso de ativos antioxidantes, fortalece a barreira cut\u00e2nea e melhora sua capacidade de defesa. Al\u00e9m disso \u00e9 uma forma de manter os poros desobstru\u00eddos, evitando problemas como a acne, reparar os danos causados pelos agressores externos e tamb\u00e9m estimular a renova\u00e7\u00e3o celular.<\/span><\/p>\n<h3><span style=\"font-weight: 400;\">5. Uso di\u00e1rio do protetor solar<\/span><\/h3>\n<p><span style=\"font-weight: 400;\">O protetor solar \u00e9 essencial para proteger a pele. Ele deve ser usado todos os dias, mesmo com chuva ou dentro de casa, com ou sem maquiagem. Com filtros solares f\u00edsicos ou qu\u00edmicos, esses produtos atuam absorvendo, refletindo ou dispersando os raios ultravioletas, o que reduz de forma significativa a sua penetra\u00e7\u00e3o e os danos causados na pele.\u00a0<\/span><\/p>\n<p><span style=\"font-weight: 400;\">Ainda, \u00e9 importante aplicar o protetor pelo menos 15 minutinhos antes da exposi\u00e7\u00e3o solar e reaplicar sempre que voc\u00ea sentir necessidade, seja devido \u00e0 transpira\u00e7\u00e3o excessiva ou ao contato com a \u00e1gua.<\/span><i><\/i><\/p>\n<ul>\n<li style=\"font-weight: 400;\" aria-level=\"1\"><i><span style=\"font-weight: 400;\">Voc\u00ea tem d\u00favidas sobre protetor solar? Acesse nosso <\/span><\/i><a href=\"https:\/\/www.noorskin.com.br\/blog\/protetor-solar\/\"><i><span style=\"font-weight: 400;\">guia completo<\/span><\/i><\/a><i><span style=\"font-weight: 400;\"> e esclare\u00e7a todas.<\/span><\/i><\/li>\n<\/ul>\n<h3><i><span style=\"font-weight: 400;\">Urban Suncare<\/span><\/i><\/h3>\n<p><span style=\"font-weight: 400;\">Uma boa dica na hora de escolher o seu protetor solar \u00e9 optar por aqueles que oferecem ampla prote\u00e7\u00e3o, ou seja, protegem contra os raios UVB e UVA, polui\u00e7\u00e3o e luz azul. Vale apostar tamb\u00e9m em um produto com FPS 50 ou superior e em f\u00f3rmulas enriquecidas com ativos que hidratam, reparam e tragam benef\u00edcios <\/span><i><span style=\"font-weight: 400;\">well-aging<\/span><\/i><span style=\"font-weight: 400;\">, como o <\/span><i><span style=\"font-weight: 400;\">Urban Suncare<\/span><\/i><span style=\"font-weight: 400;\">.<\/span><\/p>\n<p><span style=\"font-weight: 400;\">Com textura leve e confort\u00e1vel, ele conta com filtros solares de alta tecnologia e ingredientes limpos, ou seja, priorizando subst\u00e2ncias sem potencial nocivo para a sa\u00fade humana e o meio ambiente. Sem contar a efic\u00e1cia cl\u00ednica comprovada, cient\u00edfica e dermatologicamente.\u00a0<\/span><\/p>\n<p><span style=\"font-weight: 400;\">Conhe\u00e7a o <\/span><a href=\"https:\/\/www.noorskin.com.br\/urban-suncare-protetor-solar-facial-multifuncional?utm_source=blog&amp;utm_medium=link&amp;utm_campaign=produto&amp;utm_term=urban-suncare&amp;utm_content=por-que-proteger-a-pele\" target=\"_blank\" rel=\"noopener\"><i><span style=\"font-weight: 400;\">Urban Suncare<\/span><\/i><\/a><span style=\"font-weight: 400;\"> e descubra o protetor solar perfeito para acompanhar o seu ritmo di\u00e1rio e entregar tudo o que a sua pele precisa para se manter protegida, saud\u00e1vel e radiante ao longo do tempo.<\/span>[\/vc_column_text][\/vc_column][\/vc_row][vc_row el_id=&#8221;bloco-produtos&#8221;][vc_column][vc_basic_grid post_type=&#8221;product&#8221; max_items=&#8221;4&#8243; element_width=&#8221;3&#8243; gap=&#8221;15&#8243; orderby=&#8221;title&#8221; item=&#8221;2842&#8243; css=&#8221;&#8221; grid_id=&#8221;vc_gid:1745934227892-fd714c91-815b-6&#8243; el_class=&#8221;post-grid-produtos&#8221; taxonomies=&#8221;54, 43, 71, 72&#8243;][\/vc_column][\/vc_row][vc_row][vc_column width=&#8221;1\/6&#8243;][\/vc_column][vc_column width=&#8221;2\/3&#8243;][vc_tta_accordion c_icon=&#8221;chevron&#8221; c_position=&#8221;right&#8221; active_section=&#8221;55&#8243; el_class=&#8221;acordeon-posts&#8221;][vc_tta_section title=&#8221;Refer\u00eancias&#8221; tab_id=&#8221;1703076275850-57bc857f-bf69&#8243; el_class=&#8221;referencias-post&#8221;][vc_column_text css=&#8221;&#8221;]<span style=\"font-weight: 400;\">GU X, et al. <\/span><b>Air pollution and skin diseases: A comprehensive evaluation of the associated mechanism.<\/b><span style=\"font-weight: 400;\"> Ecotoxicology and Environmental Safety, 2024. Dispon\u00edvel em: &lt;https:\/\/www.sciencedirect.com\/science\/article\/pii\/S0147651324005050&gt;. Acesso em: 01 de abril de 2025.<\/span><\/p>\n<p><span style=\"font-weight: 400;\">FARRIS PK, et al. <\/span><b>Ultraviolet light protection: is it really enough?<\/b><span style=\"font-weight: 400;\"> Antioxidants (Basel), 2022. Dispon\u00edvel em: &lt;https:\/\/pmc.ncbi.nlm.nih.gov\/articles\/PMC9405175\/&gt;. Acesso em: 01 de abril de 2025.<\/span><\/p>\n<p><span style=\"font-weight: 400;\">FURUKAWA JY, et al. <\/span><b>Skin impacts from exposure to ultraviolet, visible, infrared, and artificial lights \u2013 a review. <\/b><span style=\"font-weight: 400;\">Journal Cosmetic Laser Therapy. 2021. Dispon\u00edvel em: &lt;https:\/\/pubmed.ncbi.nlm.nih.gov\/34669525\/&gt;. Acesso em: 01 de abril de 2025.<\/span><\/p>\n<p><span style=\"font-weight: 400;\">SOCIEDADE BRASILEIRA DE DERMATOLOGIA (SBD). <\/span><b>Sob o sol com sa\u00fade e bem-estar.<\/b><span style=\"font-weight: 400;\"> Guia de Fotoprote\u00e7\u00e3o da Sociedade Brasileira de Dermatologia, 2021\/2022. Dispon\u00edvel em: &lt;https:\/\/www.sbd.org.br\/publicacoes\/fotoprotecao\/&gt;. Acesso em: 01 de abril de 2025.<\/span><\/p>\n<p><span style=\"font-weight: 400;\">MANCUSO JB, et al. <\/span><b>Sunscreens: an update.<\/b><span style=\"font-weight: 400;\"> American Journal of Clinical Dermatology, 2017. Dispon\u00edvel em: &lt;https:\/\/pubmed.ncbi.nlm.nih.gov\/28510141\/&gt;. Acesso em: 01 de abril de 2025.<\/span><\/p>\n<p><span style=\"font-weight: 400;\">PARRADO C, et al. <\/span><b>Oral Photoprotection: effective agents and potential candidates. <\/b><span style=\"font-weight: 400;\">Frontiers in medicine, 2018. Dispon\u00edvel em: &lt;https:\/\/www.ncbi.nlm.nih.gov\/pmc\/articles\/PMC6028556\/&gt;. Acesso em: 01 de abril de 2025.<\/span>[\/vc_column_text][\/vc_tta_section][\/vc_tta_accordion][\/vc_column][vc_column width=&#8221;1\/6&#8243;][\/vc_column][\/vc_row]<\/p>\n<\/div>","protected":false},"excerpt":{"rendered":"<p>A prote\u00e7\u00e3o \u00e9 uma das etapas mais importantes do skincare. Voc\u00ea j\u00e1 observou que mesmo nas rotinas mais minimalistas ela sempre est\u00e1 presente? Descubra o porqu\u00ea.<\/p>\n","protected":false},"author":5,"featured_media":6045,"comment_status":"closed","ping_status":"closed","sticky":false,"template":"","format":"standard","meta":{"inline_featured_image":false,"footnotes":""},"categories":[59,60],"tags":[10,14,17,21],"class_list":["post-6040","post","type-post","status-publish","format-standard","has-post-thumbnail","hentry","category-mind","category-skin","tag-fashion","tag-lifestyle","tag-news","tag-style"],"_links":{"self":[{"href":"https:\/\/www.noorskin.com.br\/blog\/wp-json\/wp\/v2\/posts\/6040","targetHints":{"allow":["GET"]}}],"collection":[{"href":"https:\/\/www.noorskin.com.br\/blog\/wp-json\/wp\/v2\/posts"}],"about":[{"href":"https:\/\/www.noorskin.com.br\/blog\/wp-json\/wp\/v2\/types\/post"}],"author":[{"embeddable":true,"href":"https:\/\/www.noorskin.com.br\/blog\/wp-json\/wp\/v2\/users\/5"}],"replies":[{"embeddable":true,"href":"https:\/\/www.noorskin.com.br\/blog\/wp-json\/wp\/v2\/comments?post=6040"}],"version-history":[{"count":3,"href":"https:\/\/www.noorskin.com.br\/blog\/wp-json\/wp\/v2\/posts\/6040\/revisions"}],"predecessor-version":[{"id":6044,"href":"https:\/\/www.noorskin.com.br\/blog\/wp-json\/wp\/v2\/posts\/6040\/revisions\/6044"}],"wp:featuredmedia":[{"embeddable":true,"href":"https:\/\/www.noorskin.com.br\/blog\/wp-json\/wp\/v2\/media\/6045"}],"wp:attachment":[{"href":"https:\/\/www.noorskin.com.br\/blog\/wp-json\/wp\/v2\/media?parent=6040"}],"wp:term":[{"taxonomy":"category","embeddable":true,"href":"https:\/\/www.noorskin.com.br\/blog\/wp-json\/wp\/v2\/categories?post=6040"},{"taxonomy":"post_tag","embeddable":true,"href":"https:\/\/www.noorskin.com.br\/blog\/wp-json\/wp\/v2\/tags?post=6040"}],"curies":[{"name":"wp","href":"https:\/\/api.w.org\/{rel}","templated":true}]}}