{"id":6049,"date":"2025-04-30T09:59:33","date_gmt":"2025-04-30T12:59:33","guid":{"rendered":"https:\/\/www.noorskin.com.br\/blog\/?p=6049"},"modified":"2026-01-21T11:39:26","modified_gmt":"2026-01-21T14:39:26","slug":"cuidados-pos-sol","status":"publish","type":"post","link":"https:\/\/www.noorskin.com.br\/blog\/cuidados-pos-sol\/","title":{"rendered":"Cuidados p\u00f3s-sol: dicas para acalmar e revitalizar a pele"},"content":{"rendered":"<div class=\"wpb-content-wrapper\"><p>[vc_row][vc_column][vc_column_text css=&#8221;&#8221;]<span style=\"font-weight: 400;\">Curtir um dia de <\/span><a href=\"https:\/\/essentia.com.br\/conteudos\/beneficios-do-sol\/\" target=\"_blank\" rel=\"noopener\"><span style=\"font-weight: 400;\">sol traz benef\u00edcios<\/span><\/a><span style=\"font-weight: 400;\"> importantes para a sa\u00fade. Al\u00e9m de estimular a produ\u00e7\u00e3o de vitamina D, um nutriente essencial para o bom funcionamento do organismo, o sol ajuda na produ\u00e7\u00e3o dos horm\u00f4nios da felicidade, melhorando o humor, e auxilia na regula\u00e7\u00e3o do ciclo circadiano, favorecendo um sono de melhor qualidade.<\/span><\/p>\n<p><span style=\"font-weight: 400;\">Acontece que, mesmo sem sinais vis\u00edveis de danos, a exposi\u00e7\u00e3o aos raios ultravioleta pode causar ressecamento, manchas, irrita\u00e7\u00f5es e acelerar o envelhecimento da pele. Por isso, \u00e9 muito importante cuidar da pele antes, durante e tamb\u00e9m no p\u00f3s-sol para mant\u00ea-la saud\u00e1vel e com vitalidade. Continue a leitura, que a gente explica.<\/span><\/p>\n<h2><span style=\"font-weight: 400;\">O que acontece com a pele durante a exposi\u00e7\u00e3o solar?<\/span><\/h2>\n<p><span style=\"font-weight: 400;\">Quando estamos expostos ao sol de forma desprotegida, os <\/span><a href=\"https:\/\/www.sciencedirect.com\/science\/article\/pii\/S0160412024001211\" target=\"_blank\" rel=\"noopener\"><span style=\"font-weight: 400;\">raios ultravioleta<\/span><\/a><span style=\"font-weight: 400;\"> (UVA e UVB) penetram na pele de diferentes formas e desencadeiam uma s\u00e9rie de rea\u00e7\u00f5es. A principal delas \u00e9 acelerar a forma\u00e7\u00e3o de <\/span><a href=\"https:\/\/www.essentialnutrition.com.br\/conteudos\/radicais-livres-e-antioxidantes-o-que-sao-e-como-atuam\/\" target=\"_blank\" rel=\"noopener\"><span style=\"font-weight: 400;\">radicais livres<\/span><\/a><span style=\"font-weight: 400;\">, mol\u00e9culas inst\u00e1veis que podem danificar as c\u00e9lulas, inclusive o seu DNA.<\/span><\/p>\n<p><span style=\"font-weight: 400;\">Os raios UVA, por exemplo, atingem camadas mais profundas, como a derme, e podem causar a degrada\u00e7\u00e3o do col\u00e1geno e da elastina, o ressecamento e o aumento da sensibilidade e de manchas de sol, fatores que aceleram o envelhecimento da pele.\u00a0<\/span><\/p>\n<p><span style=\"font-weight: 400;\">J\u00e1 os raios UVB penetram a camada mais superficial (epiderme) e s\u00e3o os principais respons\u00e1veis pelas queimaduras e a vermelhid\u00e3o. Ambos podem provocar o agravamento de condi\u00e7\u00f5es como o melasma e o surgimento de doen\u00e7as como o c\u00e2ncer de pele.<\/span><\/p>\n<p><span style=\"font-weight: 400;\">Por fim, temos a radia\u00e7\u00e3o infravermelha (IV) que tamb\u00e9m vem do sol e \u00e9 respons\u00e1vel pela sensa\u00e7\u00e3o de calor. Ela penetra profundamente na pele e contribui para o fotoenvelhecimento.<\/span><\/p>\n<h2><span style=\"font-weight: 400;\">Qual a import\u00e2ncia de usar o protetor solar?<\/span><\/h2>\n<p><span style=\"font-weight: 400;\">O protetor solar \u00e9 um grande aliado na rotina de cuidados com a pele. Esse produto cont\u00e9m em sua formula\u00e7\u00e3o filtros solares f\u00edsicos ou qu\u00edmicos que atuam absorvendo, refletindo ou dispersando os raios UVA e UVB, o que ajuda a evitar que grande parte deles penetre na pele e cause danos.<\/span><\/p>\n<p><span style=\"font-weight: 400;\">Al\u00e9m disso, alguns protetores j\u00e1 associam outros ingredientes aos filtros para oferecer benef\u00edcios extras, como ampla prote\u00e7\u00e3o contra os efeitos da luz azul e da polui\u00e7\u00e3o, hidrata\u00e7\u00e3o sem pesar e preven\u00e7\u00e3o ao fotoenvelhecimento.<\/span><\/p>\n<p><span style=\"font-weight: 400;\">Por isso, t\u00e3o ou mais importante que os cuidados com a pele p\u00f3s-sol, est\u00e3o os cuidados com a pele antes da exposi\u00e7\u00e3o solar. E o uso do protetor solar \u00e9 um item indispens\u00e1vel, mesmo nos dias nublados e chuvosos.\u00a0<\/span><\/p>\n<ul>\n<li style=\"font-weight: 400;\" aria-level=\"1\"><i><span style=\"font-weight: 400;\">Confira nosso guia completo sobre <\/span><\/i><a href=\"https:\/\/www.noorskin.com.br\/blog\/protetor-solar\/\"><i><span style=\"font-weight: 400;\">protetor solar<\/span><\/i><\/a><i><span style=\"font-weight: 400;\"> e esclare\u00e7a todas as suas d\u00favidas sobre o assunto.<\/span><\/i><\/li>\n<\/ul>\n<h2><span style=\"font-weight: 400;\">Por que os cuidados p\u00f3s-sol s\u00e3o essenciais?<\/span><\/h2>\n<p><span style=\"font-weight: 400;\">Com certeza voc\u00ea j\u00e1 sentiu a sua pele ressecada, com aquela sensa\u00e7\u00e3o de repuxamento ou ard\u00eancia ap\u00f3s um dia de sol, certo? Isso acontece porque a radia\u00e7\u00e3o solar pode danificar a <\/span><a href=\"https:\/\/www.noorskin.com.br\/blog\/barreira-cutanea\/\"><span style=\"font-weight: 400;\">barreira cut\u00e2nea<\/span><\/a><span style=\"font-weight: 400;\">, ou seja, a barreira natural de prote\u00e7\u00e3o da nossa pele.<\/span><\/p>\n<p><span style=\"font-weight: 400;\">Com a barreira danificada, a pele fica mais sens\u00edvel, propensa a rea\u00e7\u00f5es inflamat\u00f3rias e \u00e0 desidrata\u00e7\u00e3o, o que causa essa sensa\u00e7\u00e3o de desconforto e tamb\u00e9m pode resultar na perda de elasticidade, no surgimento de manchas e em outras condi\u00e7\u00f5es. Por isso, ap\u00f3s a exposi\u00e7\u00e3o solar, o que a sua pele precisa \u00e9 de restaura\u00e7\u00e3o, nutri\u00e7\u00e3o e hidrata\u00e7\u00e3o, cuidados essenciais para mant\u00ea-la saud\u00e1vel e com vitalidade.<\/span><\/p>\n<p><span style=\"font-weight: 400;\">Al\u00e9m da aten\u00e7\u00e3o p\u00f3s-sol, a Sociedade Brasileira de Dermatologia recomenda usar protetor solar todos os dias. Isso, porque os danos causados pelo sol s\u00e3o cumulativos e a <\/span><a href=\"https:\/\/www.sbd.org.br\/ser-humano-recebe-70-da-radiacao-solar-de-sua-vida-na-rotina-e-nao-no-lazer\/\" target=\"_blank\" rel=\"noopener\"><span style=\"font-weight: 400;\">maior parte da radia\u00e7\u00e3o que recebemos<\/span><\/a><span style=\"font-weight: 400;\"> vem da nossa rotina e n\u00e3o dos momentos de lazer em que de fato estamos expostos a ele.\u00a0\u00a0<\/span><\/p>\n<h2><span style=\"font-weight: 400;\">Como cuidar da pele ap\u00f3s pegar sol?<\/span><\/h2>\n<p><span style=\"font-weight: 400;\">Algumas dicas de cuidados p\u00f3s-sol podem ajudar na recupera\u00e7\u00e3o e na sa\u00fade da pele. Mas t\u00e3o importante quanto saber o que fazer \u00e9 escolher os produtos certos, com f\u00f3rmulas limpas e inteligentes, testadas cl\u00ednica e dermatologicamente para trazer benef\u00edcios reais, e n\u00e3o irritar ainda mais a sua pele que pode estar sensibilizada por conta do sol.<\/span><\/p>\n<h3><span style=\"font-weight: 400;\">Al\u00edvio para a pele sensibilizada<\/span><\/h3>\n<p><span style=\"font-weight: 400;\">A queimadura do sol se desenvolve entre 12 e 24 horas ap\u00f3s a exposi\u00e7\u00e3o e apresenta sinais como vermelhid\u00e3o, ardor e calor. Para aliviar, uma boa pedida \u00e9 apostar em produtos com ingredientes calmantes e hidratantes para o rosto e o corpo. Compressas frias e banhos mornos tamb\u00e9m ajudam a reduzir o desconforto.\u00a0<\/span><\/p>\n<p><span style=\"font-weight: 400;\">\u00c9 muito importante evitar produtos com \u00e1lcool, sulfato ou fragr\u00e2ncias, ativos que podem intensificar a sensibiliza\u00e7\u00e3o e causar irrita\u00e7\u00f5es na pele.<\/span><\/p>\n<h3><span style=\"font-weight: 400;\">Hidrata\u00e7\u00e3o intensa para recupera\u00e7\u00e3o da barreira cut\u00e2nea<\/span><\/h3>\n<p><span style=\"font-weight: 400;\">Saber <\/span><a href=\"https:\/\/www.noorskin.com.br\/blog\/como-hidratar-a-pele\/\"><span style=\"font-weight: 400;\">como hidratar a pele<\/span><\/a><span style=\"font-weight: 400;\"> p\u00f3s-sol \u00e9 fundamental para restaurar a sua integridade e sa\u00fade, tanto de dentro para fora quanto de fora para dentro. Beber bastante \u00e1gua ao longo do dia ajuda a repor os l\u00edquidos perdidos com a exposi\u00e7\u00e3o solar, mantendo a pele equilibrada e evitando o ressecamento.\u00a0<\/span><\/p>\n<p><span style=\"font-weight: 400;\">J\u00e1 a hidrata\u00e7\u00e3o t\u00f3pica, pode ser feita com hidratantes faciais e corporais, ricos em ativos que contribuam para reter a \u00e1gua na pele e para restaurar a barreira cut\u00e2nea. Alguns exemplos s\u00e3o \u00e1cido hialur\u00f4nico, esqualano vegetal, pantenol e <\/span><i><span style=\"font-weight: 400;\">blends<\/span><\/i><span style=\"font-weight: 400;\"> de lip\u00eddios.<\/span><\/p>\n<ul>\n<li style=\"font-weight: 400;\" aria-level=\"1\"><i><span style=\"font-weight: 400;\">Saiba mais sobre <\/span><\/i><a href=\"https:\/\/www.noorskin.com.br\/blog\/como-hidratar-a-pele\/\"><i><span style=\"font-weight: 400;\">como hidratar a pele<\/span><\/i><\/a><i><span style=\"font-weight: 400;\">, os benef\u00edcios e o papel dos cosm\u00e9ticos nesse importante cuidado.<\/span><\/i><\/li>\n<\/ul>\n<h3><span style=\"font-weight: 400;\">Nutri\u00e7\u00e3o para proteger a pele e favorecer o bronze natural<\/span><\/h3>\n<p><span style=\"font-weight: 400;\">Al\u00e9m de usar produtos para nutrir a pele p\u00f3s-sol, voc\u00ea tamb\u00e9m pode consumir alimentos ou suplementos ricos em antioxidantes para potencializar a <\/span><a href=\"https:\/\/pubmed.ncbi.nlm.nih.gov\/24964816\/\" target=\"_blank\" rel=\"noopener\"><span style=\"font-weight: 400;\">prote\u00e7\u00e3o da pele contra os raios ultravioletas<\/span><\/a><span style=\"font-weight: 400;\">.<\/span><\/p>\n<p><span style=\"font-weight: 400;\">Isso, porque antioxidantes, como as vitamina C e E, o resveratrol e os carotenoides, ajudam a combater os radicais livres gerados pela exposi\u00e7\u00e3o solar, auxiliando na preven\u00e7\u00e3o do envelhecimento precoce e do surgimento de manchas, al\u00e9m de fortalecer as defesas naturais da pele.\u00a0<\/span><\/p>\n<p><span style=\"font-weight: 400;\">Algumas fontes naturais desses nutrientes incluem cenoura, tomate, uva, ch\u00e1 verde e oleaginosas. J\u00e1 os suplementos, mais conhecidos como <\/span><a href=\"https:\/\/www.noorskin.com.br\/blog\/nutricosmeticos\/\"><span style=\"font-weight: 400;\">nutricosm\u00e9ticos<\/span><\/a><span style=\"font-weight: 400;\">, podem ser uma alternativa pr\u00e1tica para garantir a ingest\u00e3o adequada dessas subst\u00e2ncias e favorecer a prote\u00e7\u00e3o e a regenera\u00e7\u00e3o da pele.<\/span><\/p>\n<h3><span style=\"font-weight: 400;\">Cuidados com manchas e hiperpigmenta\u00e7\u00e3o<\/span><\/h3>\n<p><span style=\"font-weight: 400;\">Ao notar o surgimento de manchas ap\u00f3s a exposi\u00e7\u00e3o solar, o primeiro passo \u00e9 procurar um dermatologista. Somente um profissional poder\u00e1 avaliar corretamente as altera\u00e7\u00f5es na pele e descartar doen\u00e7as, como o c\u00e2ncer.<\/span><\/p>\n<p><span style=\"font-weight: 400;\">Quando n\u00e3o se trata de condi\u00e7\u00f5es mais s\u00e9rias, alguns ingredientes, como a niacinamida, podem ser grandes aliados na uniformiza\u00e7\u00e3o do tom da pele. Tamb\u00e9m \u00e9 importante evitar tratamentos agressivos com \u00e1cidos fortes e redobrar os cuidados com o uso di\u00e1rio do protetor solar.<\/span><\/p>\n<ul>\n<li style=\"font-weight: 400;\" aria-level=\"1\"><i><span style=\"font-weight: 400;\">Saiba <\/span><\/i><a href=\"https:\/\/www.noorskin.com.br\/blog\/manchas-de-sol\/\"><i><span style=\"font-weight: 400;\">como tratar e prevenir manchas de sol na pele<\/span><\/i><\/a><i><span style=\"font-weight: 400;\">.<\/span><\/i><\/li>\n<\/ul>\n<h3><span style=\"font-weight: 400;\">L\u00e1bios, cabelo e couro cabeludo tamb\u00e9m precisam de aten\u00e7\u00e3o<\/span><\/h3>\n<p><span style=\"font-weight: 400;\">Os l\u00e1bios, o cabelo e o couro cabeludo s\u00e3o frequentemente esquecidos nos cuidados p\u00f3s-sol, e at\u00e9 mesmo durante a exposi\u00e7\u00e3o solar.\u00a0<\/span><\/p>\n<p><span style=\"font-weight: 400;\">Al\u00e9m de usar um bom protetor labial, um <\/span><i><span style=\"font-weight: 400;\">leave-in<\/span><\/i><span style=\"font-weight: 400;\"> para o cabelo e um chap\u00e9u ou bon\u00e9 para prote\u00e7\u00e3o do couro cabeludo, adicione \u00e0 sua rotina um <\/span><i><span style=\"font-weight: 400;\">balm<\/span><\/i><span style=\"font-weight: 400;\"> hidratante para recuperar os l\u00e1bios ressecados, xampus e m\u00e1scaras hidratantes para os fios e um t\u00f4nico calmante para aliviar qualquer sensa\u00e7\u00e3o de desconforto no couro cabeludo.<\/span><\/p>\n<h2><span style=\"font-weight: 400;\">3 passos para uma rotina de cuidados p\u00f3s-sol perfeita com Noorskin<\/span><\/h2>\n<p><span style=\"font-weight: 400;\">Exagerou no sol e quer uma rotina pr\u00e1tica e eficaz para acalmar e oferecer tudo que a sua pele precisa para se recuperar? Conte com a Noorskin.<\/span><\/p>\n<p><span style=\"font-weight: 400;\">Todos os nossos cosm\u00e9ticos s\u00e3o veganos e livres de subst\u00e2ncias que possam causar danos \u00e0 sa\u00fade humana e ao meio ambiente. Al\u00e9m de limpas, as f\u00f3rmulas s\u00e3o testadas cl\u00ednica e dermatologicamente, apresentando resultados reais. Tamb\u00e9m contam com ingredientes com efic\u00e1cia cientificamente comprovada e benef\u00edcios para todos os tipos de pele, inclusive as sens\u00edveis.\u00a0<\/span><\/p>\n<h3><span style=\"font-weight: 400;\">Passo 1: Limpeza suave<\/span><\/h3>\n<p><span style=\"font-weight: 400;\">Para remover o excesso de protetor solar, suor e impurezas sem comprometer a hidrata\u00e7\u00e3o natural da pele, comece, para o rosto, com o nosso gel de limpeza facial <\/span><a href=\"https:\/\/www.noorskin.com.br\/fresh-start-gel-de-limpeza-facial?utm_source=blog&amp;utm_medium=link&amp;utm_campaign=produto&amp;utm_term=fresh-start&amp;utm_content=cuidados-pos-sol\" target=\"_blank\" rel=\"noopener\"><i><span style=\"font-weight: 400;\">Fresh Start<\/span><\/i><\/a> <span style=\"font-weight: 400;\">ou a nossa espuma de limpeza facial <\/span><a href=\"https:\/\/www.noorskin.com.br\/light-velvet-espuma-facial-de-limpeza?utm_source=blog&amp;utm_medium=link&amp;utm_campaign=produto&amp;utm_term=light-velvet&amp;utm_content=cuidados-pos-sol\" target=\"_blank\" rel=\"noopener\"><i><span style=\"font-weight: 400;\">Light Velvet<\/span><\/i><\/a><span style=\"font-weight: 400;\"> e para o corpo pelo nosso gel de banho hidratante <\/span><a href=\"https:\/\/www.noorskin.com.br\/body-immersion-gel-de-banho-hidratante?utm_source=blog&amp;utm_medium=link&amp;utm_campaign=produto&amp;utm_term=body-immersion&amp;utm_content=cuidados-pos-sol\" target=\"_blank\" rel=\"noopener\"><i><span style=\"font-weight: 400;\">Body Immersion<\/span><\/i><\/a><span style=\"font-weight: 400;\">.<\/span><\/p>\n<p><span style=\"font-weight: 400;\"><img loading=\"lazy\" decoding=\"async\" class=\"alignnone size-full wp-image-6052\" src=\"https:\/\/www.noorskin.com.br\/blog\/wp-content\/uploads\/2025\/04\/light-velvet.jpg\" alt=\"Imagem da espuma facial Light Velvet, da Noorskin, para uma rotina de cuidados p\u00f3s-sol.\" width=\"570\" height=\"570\" srcset=\"https:\/\/www.noorskin.com.br\/blog\/wp-content\/uploads\/2025\/04\/light-velvet.jpg 570w, https:\/\/www.noorskin.com.br\/blog\/wp-content\/uploads\/2025\/04\/light-velvet-300x300.jpg 300w, https:\/\/www.noorskin.com.br\/blog\/wp-content\/uploads\/2025\/04\/light-velvet-100x100.jpg 100w\" sizes=\"auto, (max-width: 570px) 100vw, 570px\" \/><\/span><\/p>\n<p><span style=\"font-weight: 400;\">Nossos produtos de limpeza n\u00e3o cont\u00eam sulfato nem outros ingredientes t\u00f3xicos e respeitam a barreira cut\u00e2nea. Suas f\u00f3rmulas s\u00e3o inteligentes, desenvolvidas para proporcionar uma limpeza profunda e eficiente sem ressecar, auxiliando no equil\u00edbrio do microbioma. Tamb\u00e9m oferecem nutri\u00e7\u00e3o e hidrata\u00e7\u00e3o na medida certa, al\u00e9m de a\u00e7\u00e3o dermocalmante.<\/span><\/p>\n<p><span style=\"font-weight: 400;\"><img loading=\"lazy\" decoding=\"async\" class=\"alignnone wp-image-6053 size-full\" src=\"https:\/\/www.noorskin.com.br\/blog\/wp-content\/uploads\/2025\/04\/body-immersion.jpg\" alt=\"Imagem do gel de banho Body Immersion, da Noorskin, para uma rotina de cuidados com a pele.\" width=\"570\" height=\"570\" srcset=\"https:\/\/www.noorskin.com.br\/blog\/wp-content\/uploads\/2025\/04\/body-immersion.jpg 570w, https:\/\/www.noorskin.com.br\/blog\/wp-content\/uploads\/2025\/04\/body-immersion-300x300.jpg 300w, https:\/\/www.noorskin.com.br\/blog\/wp-content\/uploads\/2025\/04\/body-immersion-100x100.jpg 100w\" sizes=\"auto, (max-width: 570px) 100vw, 570px\" \/><\/span><\/p>\n<h3><span style=\"font-weight: 400;\">Passo 2: Hidrata\u00e7\u00e3o profunda e duradoura<\/span><\/h3>\n<p><span style=\"font-weight: 400;\">Ap\u00f3s o banho, continue a sua rotina de cuidados com muita hidrata\u00e7\u00e3o. Para o rosto, escolha os nossos hidratantes faciais <\/span><i><span style=\"font-weight: 400;\">well-aging<\/span><\/i><span style=\"font-weight: 400;\">, desenvolvidos para respeitar o biorritmo natural da pele.\u00a0<\/span><\/p>\n<p><span style=\"font-weight: 400;\">Enquanto o <\/span><a href=\"https:\/\/www.noorskin.com.br\/daylight-vitality-hidratante-facial-diurno?utm_source=blog&amp;utm_medium=link&amp;utm_campaign=produto&amp;utm_term=daylight-vitality&amp;utm_content=cuidados-pos-sol\" target=\"_blank\" rel=\"noopener\"><i><span style=\"font-weight: 400;\">Daylight Vitality<\/span><\/i><\/a><span style=\"font-weight: 400;\"> oferece a nutri\u00e7\u00e3o e a prote\u00e7\u00e3o que a sua pele precisa durante o dia, o <\/span><a href=\"https:\/\/www.noorskin.com.br\/moonlight-repair-creme-facial-noturno?utm_source=blog&amp;utm_medium=link&amp;utm_campaign=produto&amp;utm_term=moonlight-repair&amp;utm_content=cuidados-pos-sol\" target=\"_blank\" rel=\"noopener\"><i><span style=\"font-weight: 400;\">Moonlight Repair<\/span><\/i><\/a><span style=\"font-weight: 400;\"> conta com ativos que estimulam a repara\u00e7\u00e3o e a renova\u00e7\u00e3o celular durante \u00e0 noite.\u00a0<\/span><\/p>\n<p><span style=\"font-weight: 400;\"><img loading=\"lazy\" decoding=\"async\" class=\"alignnone wp-image-6054 size-full\" src=\"https:\/\/www.noorskin.com.br\/blog\/wp-content\/uploads\/2025\/04\/daylight-e-moonlight.jpg\" alt=\"Imagem dos hidratantes faciais Noorskin, Daylight Vitality e Moonlight Repair, para cuidar da pele no p\u00f3s-sol.\" width=\"570\" height=\"570\" srcset=\"https:\/\/www.noorskin.com.br\/blog\/wp-content\/uploads\/2025\/04\/daylight-e-moonlight.jpg 570w, https:\/\/www.noorskin.com.br\/blog\/wp-content\/uploads\/2025\/04\/daylight-e-moonlight-300x300.jpg 300w, https:\/\/www.noorskin.com.br\/blog\/wp-content\/uploads\/2025\/04\/daylight-e-moonlight-100x100.jpg 100w\" sizes=\"auto, (max-width: 570px) 100vw, 570px\" \/><\/span><\/p>\n<p><span style=\"font-weight: 400;\">Voc\u00ea ainda pode adicionar a eles gotinhas poderosas do nosso s\u00e9rum <\/span><a href=\"https:\/\/www.noorskin.com.br\/natural-light-serum-hidratante?utm_source=blog&amp;utm_medium=link&amp;utm_campaign=produto&amp;utm_term=natural-light&amp;utm_content=cuidados-pos-sol\" target=\"_blank\" rel=\"noopener\"><span style=\"font-weight: 400;\">Natural Light<\/span><\/a><span style=\"font-weight: 400;\"> e garantir um boost de hidrata\u00e7\u00e3o para uma pele ainda mais macia e radiante. Al\u00e9m de contar com os benef\u00edcios da niacinamida, um ingrediente que ajuda a uniformizar o tom da pele e a prevenir manchas relacionadas ao envelhecimento.\u00a0<\/span><\/p>\n<p><span style=\"font-weight: 400;\">Para o corpo, use e abuse do <\/span><a href=\"https:\/\/www.noorskin.com.br\/body-temple-hidratante-corporal?utm_source=blog&amp;utm_medium=link&amp;utm_campaign=produto&amp;utm_term=body-temple&amp;utm_content=cuidados-pos-sol\" target=\"_blank\" rel=\"noopener\"><i><span style=\"font-weight: 400;\">Body Temple<\/span><\/i><\/a><span style=\"font-weight: 400;\">. Nosso hidratante corporal <\/span><i><span style=\"font-weight: 400;\">well-aging<\/span><\/i><span style=\"font-weight: 400;\"> conta com ativos que restauram e nutrem profundamente sem causar irrita\u00e7\u00f5es mesmo nas peles sens\u00edveis ou que est\u00e3o sensibilizadas devido ao excesso de sol. Al\u00e9m de fortalecer a barreira cut\u00e2nea, sua pele ficar\u00e1 hidratada, firme e saud\u00e1vel.<\/span><\/p>\n<p><span style=\"font-weight: 400;\"><img loading=\"lazy\" decoding=\"async\" class=\"alignnone size-full wp-image-6051\" src=\"https:\/\/www.noorskin.com.br\/blog\/wp-content\/uploads\/2025\/04\/body-temple.jpg\" alt=\"Imagem do hidratante corporal Body Temple, da Noorskin, para uma rotina de cuidados p\u00f3s-sol.\" width=\"570\" height=\"570\" srcset=\"https:\/\/www.noorskin.com.br\/blog\/wp-content\/uploads\/2025\/04\/body-temple.jpg 570w, https:\/\/www.noorskin.com.br\/blog\/wp-content\/uploads\/2025\/04\/body-temple-300x300.jpg 300w, https:\/\/www.noorskin.com.br\/blog\/wp-content\/uploads\/2025\/04\/body-temple-100x100.jpg 100w\" sizes=\"auto, (max-width: 570px) 100vw, 570px\" \/><\/span><\/p>\n<h3><span style=\"font-weight: 400;\">Passo 3: Prote\u00e7\u00e3o cont\u00ednua<\/span><\/h3>\n<p><span style=\"font-weight: 400;\">O uso di\u00e1rio de protetor solar \u00e9 indispens\u00e1vel para evitar danos cumulativos e garantir que a pele se recupere plenamente. Por isso, desenvolvemos o <\/span><a href=\"https:\/\/www.noorskin.com.br\/urban-suncare-protetor-solar-facial-multifuncional?utm_source=blog&amp;utm_medium=link&amp;utm_campaign=produto&amp;utm_term=urban-suncare&amp;utm_content=cuidados-pos-sol\" target=\"_blank\" rel=\"noopener\"><i><span style=\"font-weight: 400;\">Urban Suncare FPS 50<\/span><\/i><\/a><span style=\"font-weight: 400;\">, uma f\u00f3rmula multifuncional, que protege contra as radia\u00e7\u00f5es UVA e UVB e os efeitos da luz azul e da polui\u00e7\u00e3o, ao mesmo tempo em que hidrata e previne o fotoenvelhecimento.<\/span><\/p>\n<p><span style=\"font-weight: 400;\"><img loading=\"lazy\" decoding=\"async\" class=\"alignnone size-full wp-image-6055\" src=\"https:\/\/www.noorskin.com.br\/blog\/wp-content\/uploads\/2025\/04\/urban-suncare.jpg\" alt=\"Imagem do protetor solar facial multifuncional da Noorskin, Urban Suncare, para uma rotina de cuidados com a pele.\" width=\"570\" height=\"570\" srcset=\"https:\/\/www.noorskin.com.br\/blog\/wp-content\/uploads\/2025\/04\/urban-suncare.jpg 570w, https:\/\/www.noorskin.com.br\/blog\/wp-content\/uploads\/2025\/04\/urban-suncare-300x300.jpg 300w, https:\/\/www.noorskin.com.br\/blog\/wp-content\/uploads\/2025\/04\/urban-suncare-100x100.jpg 100w\" sizes=\"auto, (max-width: 570px) 100vw, 570px\" \/><\/span><\/p>\n<p><span style=\"font-weight: 400;\">Tudo isso com uma textura leve, n\u00e3o comedog\u00eanica e que combina perfeitamente com a maquiagem, ideal para manter o conforto que voc\u00ea precisa ao longo do dia.<\/span><\/p>\n<p><span style=\"font-weight: 400;\">Agora que voc\u00ea j\u00e1 sabe quais s\u00e3o os principais cuidados p\u00f3s-sol com a sua pele e como a Noorskin pode te ajudar na sua rotina, que tal entender um pouco mais sobre a import\u00e2ncia de se proteger durante a exposi\u00e7\u00e3o solar? Leia nosso artigo sobre <\/span><a href=\"https:\/\/www.noorskin.com.br\/blog\/fotoprotecao\/\"><span style=\"font-weight: 400;\">fotoprote\u00e7\u00e3o<\/span><\/a><span style=\"font-weight: 400;\"> e confira dicas incr\u00edveis para curtir o sol de forma segura e saud\u00e1vel.<\/span>[\/vc_column_text][\/vc_column][\/vc_row][vc_row][vc_column][vc_tta_accordion c_icon=&#8221;chevron&#8221; c_position=&#8221;right&#8221; active_section=&#8221;55&#8243; el_class=&#8221;acordeon-posts&#8221;][vc_tta_section title=&#8221;Refer\u00eancias&#8221; tab_id=&#8221;1703076275850-57bc857f-bf69&#8243; el_class=&#8221;referencias-post&#8221;][vc_column_text css=&#8221;&#8221;]<span style=\"font-weight: 400;\">TANG X, et al. <\/span><b>Current insights and future perspectives of ultraviolet radiation (UV) exposure: Friends and foes to the skin and beyond the skin. <\/b><span style=\"font-weight: 400;\">Environment International, 2024. Dispon\u00edvel em: &lt;https:\/\/doi.org\/10.1016\/j.envint.2024.108535&gt;. Acesso em: 17 de mar\u00e7o de 2025.<\/span><\/p>\n<p><span style=\"font-weight: 400;\">FERN\u00c1NDEZ-GARC\u00cdA, Elisabet. <\/span><b>Skin protection against UV light by dietary antioxidants. <\/b><span style=\"font-weight: 400;\">Food &amp; Function, 2014. Dispon\u00edvel em :&lt;https:\/\/pubmed.ncbi.nlm.nih.gov\/24964816\/&gt;. Acesso em: 17 de mar\u00e7o de 2025.<\/span><\/p>\n<p><span style=\"font-weight: 400;\">SOCIEDADE BRASILEIRA DE DERMATOLOGIA. <\/span><b>Ser humano recebe 70% da radia\u00e7\u00e3o solar de sua vida na rotina e n\u00e3o no lazer. <\/b><span style=\"font-weight: 400;\">Sociedade Brasileira de Dermatologia, 2020. Dispon\u00edvel em: &lt;https:\/\/www.sbd.org.br\/ser-humano-recebe-70-da-radiacao-solar-de-sua-vida-na-rotina-e-nao-no-lazer\/&gt;. Acesso em: 17 de mar\u00e7o de 2025.<\/span>[\/vc_column_text][\/vc_tta_section][\/vc_tta_accordion][\/vc_column][\/vc_row][vc_row el_id=&#8221;bloco-produtos&#8221;][vc_column][vc_basic_grid post_type=&#8221;product&#8221; max_items=&#8221;4&#8243; element_width=&#8221;3&#8243; gap=&#8221;15&#8243; orderby=&#8221;title&#8221; item=&#8221;2842&#8243; css=&#8221;&#8221; grid_id=&#8221;vc_gid:1746016626199-9bdff627-3b8f-2&#8243; el_class=&#8221;post-grid-produtos&#8221; taxonomies=&#8221;69, 63, 73, 72&#8243;][\/vc_column][\/vc_row]<\/p>\n<\/div>","protected":false},"excerpt":{"rendered":"<p>Aproveitar dias ensolarados \u00e9 uma del\u00edcia! Mas voc\u00ea sabia que \u00e9 preciso dar aten\u00e7\u00e3o \u00e0 pele ap\u00f3s a exposi\u00e7\u00e3o solar? Entenda o porqu\u00ea e descubra dicas essenciais de cuidados p\u00f3s-sol.<\/p>\n","protected":false},"author":5,"featured_media":6056,"comment_status":"closed","ping_status":"closed","sticky":false,"template":"","format":"standard","meta":{"inline_featured_image":false,"footnotes":""},"categories":[60],"tags":[10,14,17,21],"class_list":["post-6049","post","type-post","status-publish","format-standard","has-post-thumbnail","hentry","category-skin","tag-fashion","tag-lifestyle","tag-news","tag-style"],"_links":{"self":[{"href":"https:\/\/www.noorskin.com.br\/blog\/wp-json\/wp\/v2\/posts\/6049","targetHints":{"allow":["GET"]}}],"collection":[{"href":"https:\/\/www.noorskin.com.br\/blog\/wp-json\/wp\/v2\/posts"}],"about":[{"href":"https:\/\/www.noorskin.com.br\/blog\/wp-json\/wp\/v2\/types\/post"}],"author":[{"embeddable":true,"href":"https:\/\/www.noorskin.com.br\/blog\/wp-json\/wp\/v2\/users\/5"}],"replies":[{"embeddable":true,"href":"https:\/\/www.noorskin.com.br\/blog\/wp-json\/wp\/v2\/comments?post=6049"}],"version-history":[{"count":2,"href":"https:\/\/www.noorskin.com.br\/blog\/wp-json\/wp\/v2\/posts\/6049\/revisions"}],"predecessor-version":[{"id":6057,"href":"https:\/\/www.noorskin.com.br\/blog\/wp-json\/wp\/v2\/posts\/6049\/revisions\/6057"}],"wp:featuredmedia":[{"embeddable":true,"href":"https:\/\/www.noorskin.com.br\/blog\/wp-json\/wp\/v2\/media\/6056"}],"wp:attachment":[{"href":"https:\/\/www.noorskin.com.br\/blog\/wp-json\/wp\/v2\/media?parent=6049"}],"wp:term":[{"taxonomy":"category","embeddable":true,"href":"https:\/\/www.noorskin.com.br\/blog\/wp-json\/wp\/v2\/categories?post=6049"},{"taxonomy":"post_tag","embeddable":true,"href":"https:\/\/www.noorskin.com.br\/blog\/wp-json\/wp\/v2\/tags?post=6049"}],"curies":[{"name":"wp","href":"https:\/\/api.w.org\/{rel}","templated":true}]}}