{"id":6729,"date":"2026-09-03T15:49:59","date_gmt":"2026-09-03T18:49:59","guid":{"rendered":"https:\/\/www.noorskin.com.br\/blog\/?p=6729"},"modified":"2026-09-03T16:31:04","modified_gmt":"2026-09-03T19:31:04","slug":"inflammaging","status":"publish","type":"post","link":"https:\/\/www.noorskin.com.br\/blog\/inflammaging\/","title":{"rendered":"Inflammaging: o que \u00e9 e como interfere no envelhecimento da pele?"},"content":{"rendered":"<div class=\"wpb-content-wrapper\"><p>[vc_row][vc_column][vc_column_text css=&#8221;&#8221;]<span style=\"font-weight: 400;\">Voc\u00ea j\u00e1 parou para pensar que algumas mudan\u00e7as na pele podem come\u00e7ar muito antes de se tornarem aparentes?<\/span><\/p>\n<p><span style=\"font-weight: 400;\">Ao longo da vida, fatores internos e externos interagem continuamente e influenciam a capacidade da pele de se proteger, se renovar e se recuperar. Entre esses processos est\u00e1 o <\/span><i><span style=\"font-weight: 400;\">inflammaging<\/span><\/i><span style=\"font-weight: 400;\">, um estado de inflama\u00e7\u00e3o cr\u00f4nica e de baixa intensidade que vem sendo estudado por sua rela\u00e7\u00e3o com o envelhecimento.<\/span><\/p>\n<p><span style=\"font-weight: 400;\">Mas o que exatamente acontece nesse processo? Quais fatores podem favorec\u00ea-lo e como cuidar da pele de forma mais equilibrada com o passar dos anos? Continue com a gente e entenda.<\/span><\/p>\n<h2>O que \u00e9\u00a0<em>inflammaging<\/em>?<\/h2>\n<p><span style=\"font-weight: 400;\">O termo <\/span><i><span style=\"font-weight: 400;\">inflammaging<\/span><\/i><span style=\"font-weight: 400;\">, uma combina\u00e7\u00e3o de <\/span><i><span style=\"font-weight: 400;\">inflammation<\/span><\/i><span style=\"font-weight: 400;\"> (inflama\u00e7\u00e3o) e <\/span><i><span style=\"font-weight: 400;\">aging<\/span><\/i><span style=\"font-weight: 400;\"> (envelhecimento), refere-se a um estado de inflama\u00e7\u00e3o cr\u00f4nica, sist\u00eamica e de baixa intensidade.\u00a0<\/span><\/p>\n<p><span style=\"font-weight: 400;\">A inflama\u00e7\u00e3o \u00e9 uma resposta natural do organismo. Ela faz parte do sistema de defesa e ajuda a combater agentes potencialmente nocivos, como microrganismos e toxinas, al\u00e9m de participar dos mecanismos de reparo dos tecidos. Em condi\u00e7\u00f5es normais, essa resposta \u00e9 tempor\u00e1ria, ou seja, depois que o est\u00edmulo \u00e9 controlado, a atividade inflamat\u00f3ria tende a diminuir.<\/span><\/p>\n<p><span style=\"font-weight: 400;\">Com o <\/span><a href=\"https:\/\/www.noorskin.com.br\/blog\/telomeros-e-envelhecimento\/\" target=\"_blank\" rel=\"noopener\"><span style=\"font-weight: 400;\">envelhecimento biol\u00f3gico<\/span><\/a><span style=\"font-weight: 400;\">, por\u00e9m, pode ocorrer um aumento gradual de mediadores inflamat\u00f3rios mesmo na aus\u00eancia de uma les\u00e3o ou infec\u00e7\u00e3o evidente, e \u00e9 nesse contexto que surge o <\/span><i><span style=\"font-weight: 400;\">inflammaging<\/span><\/i><span style=\"font-weight: 400;\">.<\/span><\/p>\n<h3>O que diz a ci\u00eancia?<\/h3>\n<p><a href=\"https:\/\/pmc.ncbi.nlm.nih.gov\/articles\/PMC6146930\/\" target=\"_blank\" rel=\"noopener\"><span style=\"font-weight: 400;\">Pesquisas cient\u00edficas<\/span><\/a><span style=\"font-weight: 400;\"> apontam que alguns mecanismos podem contribuir para esse processo inflamat\u00f3rio, como altera\u00e7\u00f5es na regula\u00e7\u00e3o do sistema imunol\u00f3gico, ac\u00famulo de c\u00e9lulas senescentes, disfun\u00e7\u00e3o mitocondrial, aumento do estresse oxidativo, altera\u00e7\u00f5es na microbiota intestinal e redu\u00e7\u00e3o da capacidade do organismo de eliminar c\u00e9lulas danificadas. Por isso, assim como outros \u00f3rg\u00e3os, a pele tamb\u00e9m sofre os efeitos do <\/span><i><span style=\"font-weight: 400;\">inflammaging<\/span><\/i><span style=\"font-weight: 400;\">.\u00a0<\/span><\/p>\n<p><span style=\"font-weight: 400;\">De acordo com um artigo de <\/span><a href=\"https:\/\/www.jidonline.org\/article\/S0022-202X(20)32294-6\/fulltext\" target=\"_blank\" rel=\"noopener\"><span style=\"font-weight: 400;\">revis\u00e3o publicado no<\/span><i><span style=\"font-weight: 400;\"> Journal of Investigative Dermatology<\/span><\/i><\/a><span style=\"font-weight: 400;\">, o envelhecimento cut\u00e2neo est\u00e1 associado a essa inflama\u00e7\u00e3o cr\u00f4nica de baixa intensidade que resulta tanto de altera\u00e7\u00f5es naturais do envelhecimento quanto da exposi\u00e7\u00e3o cont\u00ednua a fatores ambientais, como <\/span><a href=\"https:\/\/www.noorskin.com.br\/blog\/efeitos-da-poluicao-e-radiacao-na-pele\/\" target=\"_blank\" rel=\"noopener\"><span style=\"font-weight: 400;\">radia\u00e7\u00e3o ultravioleta, polui\u00e7\u00e3o<\/span><\/a><span style=\"font-weight: 400;\">, alimenta\u00e7\u00e3o, estresse e outros componentes do chamado expossoma da pele, conjunto de fatores ambientais e h\u00e1bitos que influenciam a sa\u00fade cut\u00e2nea ao longo da vida.<\/span><\/p>\n<p><span style=\"font-weight: 400;\">Al\u00e9m de aumentar o estresse oxidativo, esses est\u00edmulos podem favorecer o ac\u00famulo de c\u00e9lulas senescentes, que param de se multiplicar mas n\u00e3o \u201cmorrem\u201d e permanecem liberando subst\u00e2ncias pr\u00f3-inflamat\u00f3rias. Esse ambiente pode contribuir para manter a inflama\u00e7\u00e3o local e estimular a senesc\u00eancia de c\u00e9lulas vizinhas.\u00a0<\/span><\/p>\n<p><span style=\"font-weight: 400;\">Como consequ\u00eancia, ocorre o aumento do processo de degrada\u00e7\u00e3o das fibras de col\u00e1geno e elastina, redu\u00e7\u00e3o da capacidade de s\u00edntese de nova matriz extracelular pelos fibroblastos e comprometimento da estrutura da pele. Al\u00e9m disso, a fun\u00e7\u00e3o de <\/span><a href=\"https:\/\/www.noorskin.com.br\/blog\/barreira-cutanea\/\" target=\"_blank\" rel=\"noopener\"><span style=\"font-weight: 400;\">barreira cut\u00e2nea<\/span><\/a><span style=\"font-weight: 400;\"> pode tornar-se menos eficiente, favorecendo o ressecamento, aumento da perda de \u00e1gua pela pele, cicatriza\u00e7\u00e3o mais lenta e maior suscetibilidade a infec\u00e7\u00f5es.\u00a0<\/span><\/p>\n<h2>Por que a inflama\u00e7\u00e3o nem sempre \u00e9 vis\u00edvel?<\/h2>\n<p><span style=\"font-weight: 400;\">Quando pensamos em inflama\u00e7\u00e3o, \u00e9 comum imaginarmos uma pele vermelha, quente, inchada ou dolorida. Esses s\u00e3o sinais caracter\u00edsticos de uma resposta inflamat\u00f3ria aguda, que costuma surgir rapidamente ap\u00f3s uma infec\u00e7\u00e3o, alergia, trauma ou outra agress\u00e3o.<\/span><\/p>\n<p><span style=\"font-weight: 400;\">Mas o<\/span><i><span style=\"font-weight: 400;\"> inflammaging<\/span><\/i><span style=\"font-weight: 400;\"> \u00e9 diferente. Trata-se de uma <\/span><a href=\"https:\/\/www.ncbi.nlm.nih.gov\/books\/NBK493173\/\" target=\"_blank\" rel=\"noopener\"><span style=\"font-weight: 400;\">inflama\u00e7\u00e3o persistente e de baixa intensidade, que pode permanecer por longos per\u00edodos<\/span><\/a><span style=\"font-weight: 400;\"> sem provocar manifesta\u00e7\u00f5es evidentes. Por isso, tamb\u00e9m \u00e9 descrita como uma inflama\u00e7\u00e3o silenciosa. Os efeitos acontecem de maneira gradual e podem se acumular ao longo dos anos, interferindo pouco a pouco na estrutura e no funcionamento da pele.<\/span><\/p>\n<h2>Como o\u00a0<em>inflammaging\u00a0<\/em>impacta a sa\u00fade da pele?<\/h2>\n<p><span style=\"font-weight: 400;\">Quando a inflama\u00e7\u00e3o cr\u00f4nica de baixo grau se mant\u00e9m por per\u00edodos prolongados, pode favorecer altera\u00e7\u00f5es na estrutura, na fun\u00e7\u00e3o e na capacidade de reparo da pele, tornando-a mais vulner\u00e1vel aos efeitos do envelhecimento e \u00e0s agress\u00f5es do ambiente.\u00a0<\/span><\/p>\n<h3>Desequil\u00edbrio da barreira cut\u00e2nea<\/h3>\n<p><span style=\"font-weight: 400;\">A barreira cut\u00e2nea funciona como uma interface de prote\u00e7\u00e3o entre o organismo e o ambiente. Ela ajuda a evitar a perda excessiva de \u00e1gua e dificulta a entrada de agentes potencialmente prejudiciais.<\/span><\/p>\n<p><span style=\"font-weight: 400;\">Com o envelhecimento e a presen\u00e7a de um ambiente inflamat\u00f3rio persistente, altera\u00e7\u00f5es na epiderme e na derme podem comprometer essa fun\u00e7\u00e3o. Como consequ\u00eancia, a pele tende a perder \u00e1gua com mais facilidade, apresentar maior ressecamento e se tornar mais suscet\u00edvel a agress\u00f5es externas.<\/span><\/p>\n<p><span style=\"font-weight: 400;\">O envelhecimento tamb\u00e9m est\u00e1 associado a mudan\u00e7as na composi\u00e7\u00e3o da microbiota cut\u00e2nea. A redu\u00e7\u00e3o da diversidade e poss\u00edveis desequil\u00edbrios nesse ecossistema podem interferir na homeostase da pele, favorecendo sensibilidade e desconfortos.<\/span><\/p>\n<h3>Menor capacidade de regenera\u00e7\u00e3o<\/h3>\n<p><span style=\"font-weight: 400;\">Outro efeito do<\/span><i><span style=\"font-weight: 400;\"> inflammaging<\/span><\/i><span style=\"font-weight: 400;\"> pode ser observado na diminui\u00e7\u00e3o da capacidade de reparo da pele. O envelhecimento reduz a efici\u00eancia da renova\u00e7\u00e3o celular e compromete a atividade dos fibroblastos, c\u00e9lulas respons\u00e1veis pela produ\u00e7\u00e3o dos componentes da matriz extracelular. Como resultado, a recupera\u00e7\u00e3o ap\u00f3s les\u00f5es ou agress\u00f5es externas pode se tornar mais lenta e a cicatriza\u00e7\u00e3o menos eficiente.<\/span><\/p>\n<h3>Envelhecimento precoce<\/h3>\n<p><span style=\"font-weight: 400;\">As c\u00e9lulas senescentes podem criar um ambiente inflamat\u00f3rio que <\/span><a href=\"https:\/\/www.jidonline.org\/article\/S0022-202X(20)32294-6\/fulltext\" target=\"_blank\" rel=\"noopener\"><span style=\"font-weight: 400;\">favorece altera\u00e7\u00f5es na morfologia das fibras el\u00e1sticas e a degrada\u00e7\u00e3o de col\u00e1geno e elastina<\/span><\/a><span style=\"font-weight: 400;\">, enquanto a produ\u00e7\u00e3o de novos componentes estruturais pelos fibroblastos diminui. Na pr\u00e1tica, isso pode se refletir na redu\u00e7\u00e3o da firmeza e da elasticidade da pele e favorecer o aparecimento de rugas e linhas finas.<\/span><\/p>\n<h2>O que pode causar a inflama\u00e7\u00e3o silenciosa na pele?<\/h2>\n<p><span style=\"font-weight: 400;\">O <\/span><i><span style=\"font-weight: 400;\">inflammaging<\/span><\/i><span style=\"font-weight: 400;\"> n\u00e3o tem uma causa \u00fanica. Ele est\u00e1 relacionado ao conjunto de exposi\u00e7\u00f5es ambientais e metab\u00f3licas e de h\u00e1bitos que temos ao longo da vida, tamb\u00e9m conhecido como expossoma, capazes de influenciar a sa\u00fade da pele. Entre eles, destacam-se:<\/span><\/p>\n<h3>Radia\u00e7\u00e3o ultravioleta (UV)<\/h3>\n<p><span style=\"font-weight: 400;\">A exposi\u00e7\u00e3o frequente \u00e0 radia\u00e7\u00e3o ultravioleta \u00e9 um dos principais fatores ambientais relacionados ao envelhecimento da pele.<\/span><\/p>\n<p><span style=\"font-weight: 400;\">A radia\u00e7\u00e3o UV, emitida pelo sol, pode aumentar a forma\u00e7\u00e3o de esp\u00e9cies reativas e estimular a libera\u00e7\u00e3o de mediadores inflamat\u00f3rios, contribuindo para um ambiente de estresse oxidativo e inflama\u00e7\u00e3o. Tamb\u00e9m pode comprometer a fun\u00e7\u00e3o da barreira cut\u00e2nea e interferir na renova\u00e7\u00e3o dos queratin\u00f3citos, dificultando a recupera\u00e7\u00e3o da pele ap\u00f3s as agress\u00f5es.<\/span><\/p>\n<p><span style=\"font-weight: 400;\">Os fibroblastos tamb\u00e9m s\u00e3o afetados. A exposi\u00e7\u00e3o repetida \u00e0 radia\u00e7\u00e3o UV pode estimular a produ\u00e7\u00e3o de citocinas pr\u00f3-inflamat\u00f3rias e enzimas envolvidas na degrada\u00e7\u00e3o da matriz extracelular, ao mesmo tempo em que reduz a s\u00edntese de col\u00e1geno.<\/span><\/p>\n<h3>Polui\u00e7\u00e3o<\/h3>\n<p><span style=\"font-weight: 400;\">A exposi\u00e7\u00e3o cont\u00ednua \u00e0 poeira, \u00e0 fuma\u00e7a e a outros poluentes pode aumentar a produ\u00e7\u00e3o de radicais livres, o que favorece o estresse oxidativo e a inflama\u00e7\u00e3o persistente. Com o passar do tempo, esse ambiente inflamat\u00f3rio pode estimular a degrada\u00e7\u00e3o do col\u00e1geno e da elastina, comprometendo a estrutura da pele e levando ao surgimento de rugas, manchas e a perda de firmeza.\u00a0<\/span><\/p>\n<h3>Estresse cr\u00f4nico<\/h3>\n<p><span style=\"font-weight: 400;\">O estresse n\u00e3o reflete apenas na mente. A exposi\u00e7\u00e3o prolongada a situa\u00e7\u00f5es estressantes pode interferir no funcionamento do sistema imunol\u00f3gico, aumentar a produ\u00e7\u00e3o de radicais livres e at\u00e9 mesmo causar danos ao DNA, fatores que contribuem para o envelhecimento da pele.\u00a0<\/span><\/p>\n<p><span style=\"font-weight: 400;\">O aumento persistente de cortisol, horm\u00f4nio liberado em situa\u00e7\u00f5es de estresse, tamb\u00e9m pode levar a um estado inflamat\u00f3rio de baixo grau. Al\u00e9m disso, o estresse cr\u00f4nico pode aumentar o estresse oxidativo e <\/span><a href=\"https:\/\/www.jdsjournal.com\/article\/S0923-1811(16)30816-7\/fulltext\" target=\"_blank\" rel=\"noopener\"><span style=\"font-weight: 400;\">prejudicar a fun\u00e7\u00e3o da barreira cut\u00e2nea<\/span><\/a><span style=\"font-weight: 400;\">, deixando a pele mais vulner\u00e1vel \u00e0 perda de \u00e1gua, ao ressecamento e \u00e0s agress\u00f5es externas, bem como dificultar sua recupera\u00e7\u00e3o.<\/span><\/p>\n<h3>Sono inadequado<\/h3>\n<p><span style=\"font-weight: 400;\">O sono inadequado, seja em dura\u00e7\u00e3o ou qualidade, pode contribuir para a desregula\u00e7\u00e3o metab\u00f3lica e imunol\u00f3gica e pode induzir a inflama\u00e7\u00e3o sist\u00eamica de baixo grau. Na pele, a restri\u00e7\u00e3o de sono pode afetar a estrutura e a apar\u00eancia. Um estudo publicado no <\/span><i><span style=\"font-weight: 400;\">Sleep Medicine<\/span><\/i><span style=\"font-weight: 400;\"> constatou que<\/span><a href=\"https:\/\/www.sciencedirect.com\/science\/article\/pii\/S1389945721005761\" target=\"_blank\" rel=\"noopener\"> <span style=\"font-weight: 400;\">duas noites de restri\u00e7\u00e3o do sono alterou o estado de hidrata\u00e7\u00e3o da pele e aumentou a perda de \u00e1gua e o pH<\/span><\/a><span style=\"font-weight: 400;\">, al\u00e9m de prejudicar a viscosidade e a extensibilidade cut\u00e2nea.<\/span><\/p>\n<h3>Alimenta\u00e7\u00e3o desequilibrada<\/h3>\n<p><span style=\"font-weight: 400;\">O alto consumo de alimentos ultraprocessados, a\u00e7\u00facares, carboidratos refinados e gorduras trans e saturadas, pode favorecer um ambiente prop\u00edcio \u00e0 inflama\u00e7\u00e3o silenciosa de baixo grau. Isso ocorre porque <\/span><a href=\"https:\/\/pmc.ncbi.nlm.nih.gov\/articles\/PMC4579563\/\" target=\"_blank\" rel=\"noopener\"><span style=\"font-weight: 400;\">esse padr\u00e3o alimentar pode aumentar o estresse oxidativo e estimular a libera\u00e7\u00e3o de subst\u00e2ncias pr\u00f3-inflamat\u00f3rias no organismo<\/span><\/a><span style=\"font-weight: 400;\">.\u00a0<\/span><\/p>\n<h3>Sedentarismo<\/h3>\n<p><span style=\"font-weight: 400;\">O sedentarismo pode comprometer o equil\u00edbrio do sistema imunol\u00f3gico e estimular a inflama\u00e7\u00e3o. Em um estudo publicado no <\/span><i><span style=\"font-weight: 400;\">Frontiers in Public Health<\/span><\/i><span style=\"font-weight: 400;\">, adultos sedent\u00e1rios h\u00e1 mais tempo <\/span><a href=\"https:\/\/pmc.ncbi.nlm.nih.gov\/articles\/PMC11961409\/\" target=\"_blank\" rel=\"noopener\"><span style=\"font-weight: 400;\">apresentaram n\u00edveis elevados de marcadores associados \u00e0 inflama\u00e7\u00e3o sist\u00eamica<\/span><\/a><span style=\"font-weight: 400;\">.\u00a0<\/span><\/p>\n<p><span style=\"font-weight: 400;\">Segundo os autores, o baixo est\u00edmulo muscular pode prejudicar o metabolismo, diminuir a sensibilidade \u00e0 insulina e contribuir para o ac\u00famulo de gordura corporal. Com isso, c\u00e9lulas de defesa do organismo passam a se acumular no tecido adiposo e liberam mais subst\u00e2ncias inflamat\u00f3rias, favorecendo um estado de inflama\u00e7\u00e3o cr\u00f4nica de baixa intensidade.<\/span><\/p>\n<h2>Quais sinais podem indicar que sua pele est\u00e1 em desequil\u00edbrio?<\/h2>\n<p><span style=\"font-weight: 400;\">Diferente da inflama\u00e7\u00e3o aguda, a inflama\u00e7\u00e3o cr\u00f4nica de baixo grau n\u00e3o costuma apresentar sinais evidentes. No entanto, quando a inflama\u00e7\u00e3o persistente compromete a fun\u00e7\u00e3o da barreira cut\u00e2nea, a renova\u00e7\u00e3o celular e os mecanismos naturais de reparo da pele, algumas altera\u00e7\u00f5es podem se tornar mais frequentes, como:\u00a0<\/span><\/p>\n<ul>\n<li style=\"font-weight: 400;\" aria-level=\"1\"><span style=\"font-weight: 400;\">sensibilidade frequente;<\/span><\/li>\n<li style=\"font-weight: 400;\" aria-level=\"1\"><span style=\"font-weight: 400;\">vermelhid\u00e3o ocasional;<\/span><\/li>\n<li style=\"font-weight: 400;\" aria-level=\"1\"><span style=\"font-weight: 400;\">ressecamento persistente;<\/span><\/li>\n<li style=\"font-weight: 400;\" aria-level=\"1\"><span style=\"font-weight: 400;\">aspecto opaco;<\/span><\/li>\n<li style=\"font-weight: 400;\" aria-level=\"1\"><span style=\"font-weight: 400;\">recupera\u00e7\u00e3o mais lenta;<\/span><\/li>\n<li style=\"font-weight: 400;\" aria-level=\"1\"><span style=\"font-weight: 400;\">desconforto sem causa aparente;<\/span><\/li>\n<li style=\"font-weight: 400;\" aria-level=\"1\"><span style=\"font-weight: 400;\">irrita\u00e7\u00f5es recorrentes.<\/span><\/li>\n<\/ul>\n<p><span style=\"font-weight: 400;\">Embora esses sinais n\u00e3o sejam exclusivos do <\/span><i><span style=\"font-weight: 400;\">inflammaging<\/span><\/i><span style=\"font-weight: 400;\"> e possam estar relacionados a diferentes fatores, sua presen\u00e7a recorrente pode indicar que a pele est\u00e1 em desequil\u00edbrio e merece aten\u00e7\u00e3o.<\/span><\/p>\n<h2>Como reduzir a inflama\u00e7\u00e3o silenciosa e reequilibrar a pele?<\/h2>\n<p><span style=\"font-weight: 400;\">Embora o <\/span><i><span style=\"font-weight: 400;\">inflammaging<\/span><\/i><span style=\"font-weight: 400;\"> fa\u00e7a parte do processo natural de envelhecimento, algumas estrat\u00e9gias podem ajudar a reduzir os fatores que favorecem a inflama\u00e7\u00e3o cr\u00f4nica de baixo grau e contribuir para a sa\u00fade e o equil\u00edbrio da pele. Entre elas, destacam-se:<\/span><\/p>\n<h3>Mantenha um estilo de vida saud\u00e1vel<\/h3>\n<p><span style=\"font-weight: 400;\">Uma alimenta\u00e7\u00e3o equilibrada, baseada principalmente em alimentos <\/span><i><span style=\"font-weight: 400;\">in natura<\/span><\/i><span style=\"font-weight: 400;\">, fornece vitaminas, minerais, fibras e compostos bioativos que ajudam a modular a resposta inflamat\u00f3ria e o estresse oxidativo.\u00a0<\/span><\/p>\n<p><span style=\"font-weight: 400;\">Al\u00e9m da alimenta\u00e7\u00e3o, a pr\u00e1tica regular de atividade f\u00edsica tamb\u00e9m contribui para o equil\u00edbrio do organismo, estimulando a produ\u00e7\u00e3o de subst\u00e2ncias com a\u00e7\u00e3o anti-inflamat\u00f3ria e auxiliando na sa\u00fade metab\u00f3lica.\u00a0<\/span><\/p>\n<p><span style=\"font-weight: 400;\">Dormir bem tamb\u00e9m pode ajudar, pois durante o <\/span><a href=\"https:\/\/www.noorskin.com.br\/blog\/sono-da-beleza\/\" target=\"_blank\" rel=\"noopener\"><span style=\"font-weight: 400;\">sono<\/span><\/a><span style=\"font-weight: 400;\"> ocorrem importantes processos de recupera\u00e7\u00e3o celular e regula\u00e7\u00e3o do sistema imunol\u00f3gico. Da mesma forma, adotar estrat\u00e9gias para o manejo do estresse, como medita\u00e7\u00e3o, exerc\u00edcios de respira\u00e7\u00e3o, atividades de lazer e momentos de descanso, pode contribuir para reduzir est\u00edmulos que favorecem a inflama\u00e7\u00e3o persistente.<\/span><\/p>\n<h3>Fortale\u00e7a a barreira cut\u00e2nea<\/h3>\n<p><span style=\"font-weight: 400;\">Uma barreira cut\u00e2nea \u00edntegra ajuda a proteger a pele do ambiente e a reduzir a perda excessiva de \u00e1gua. Por isso, hidratar e preservar essa estrutura \u00e9 especialmente importante ao longo do envelhecimento.<\/span><\/p>\n<p><span style=\"font-weight: 400;\">Alguns ativos presentes em dermocosm\u00e9ticos podem contribuir para esse cuidado. O <\/span><a href=\"https:\/\/www.noorskin.com.br\/blog\/pantenol\/\" target=\"_blank\" rel=\"noopener\"><span style=\"font-weight: 400;\">pantenol<\/span><\/a><span style=\"font-weight: 400;\"> e o <\/span><a href=\"https:\/\/www.noorskin.com.br\/blog\/acido-hialuronico-para-o-rosto\/\" target=\"_blank\" rel=\"noopener\"><span style=\"font-weight: 400;\">\u00e1cido hialur\u00f4nico<\/span><\/a><span style=\"font-weight: 400;\"> ajudam a manter a hidrata\u00e7\u00e3o da pele, enquanto o <\/span><a href=\"https:\/\/www.noorskin.com.br\/blog\/esqualano-vegetal\/\" target=\"_blank\" rel=\"noopener\"><span style=\"font-weight: 400;\">esqualano<\/span><\/a><span style=\"font-weight: 400;\"> auxilia na reposi\u00e7\u00e3o de lip\u00eddios e na redu\u00e7\u00e3o da perda de \u00e1gua. A <\/span><a href=\"https:\/\/www.noorskin.com.br\/blog\/niacinamida\/\" target=\"_blank\" rel=\"noopener\"><span style=\"font-weight: 400;\">niacinamida<\/span><\/a><span style=\"font-weight: 400;\"> contribui para fortalecer a barreira cut\u00e2nea e melhorar sua capacidade de reten\u00e7\u00e3o de \u00e1gua. J\u00e1 os <\/span><a href=\"https:\/\/www.noorskin.com.br\/blog\/prebioticos-e-probioticos-para-pele\/\" target=\"_blank\" rel=\"noopener\"><span style=\"font-weight: 400;\">prebi\u00f3ticos<\/span><\/a><span style=\"font-weight: 400;\"> s\u00e3o utilizados em formula\u00e7\u00f5es com o objetivo de favorecer o equil\u00edbrio da microbiota cut\u00e2nea.<\/span><\/p>\n<h3>Respeite o microbioma da pele<\/h3>\n<p><span style=\"font-weight: 400;\">Quando o objetivo \u00e9 preservar o equil\u00edbrio da pele, menos pode ser mais. Uma limpeza suave e adequada ao seu tipo de pele, seguida de hidrata\u00e7\u00e3o, j\u00e1 pode oferecer uma boa base para o cuidado di\u00e1rio.<\/span><\/p>\n<p><span style=\"font-weight: 400;\">Tamb\u00e9m vale ter aten\u00e7\u00e3o ao excesso de produtos e ativos potencialmente irritantes. Uma rotina muito intensa pode sobrecarregar a pele, comprometer a barreira e interferir no equil\u00edbrio do microbioma. Por isso, al\u00e9m de pensar nos ativos que voc\u00ea quer adicionar, vale observar tamb\u00e9m o que sua pele realmente precisa e como ela reage aos produtos que voc\u00ea utiliza.<\/span><\/p>\n<h3>Invista em antioxidantes<\/h3>\n<p><span style=\"font-weight: 400;\">Estudos j\u00e1 demonstraram os efeitos dos antioxidantes na pele. Seja por suplementa\u00e7\u00e3o t\u00f3pica ou oral, essas subst\u00e2ncias podem atuar contra os danos oxidativos, neutralizar radicais livres e proteger a pele.\u00a0\u00a0<\/span><\/p>\n<p><span style=\"font-weight: 400;\">Cosm\u00e9ticos e nutricosm\u00e9ticos ricos em <\/span><a href=\"https:\/\/www.noorskin.com.br\/blog\/antioxidantes-para-pele\/\" target=\"_blank\" rel=\"noopener\"><span style=\"font-weight: 400;\">antioxidantes<\/span><\/a><span style=\"font-weight: 400;\">, como as vitaminas C e E, os carotenoides e os polifen\u00f3is, t\u00eam sido estudados por seus potenciais efeitos sobre a prote\u00e7\u00e3o da pele, fotoenvelhecimento e melhora da hidrata\u00e7\u00e3o e elasticidade.\u00a0<\/span><\/p>\n<p><span style=\"font-weight: 400;\">De acordo com evid\u00eancias cient\u00edficas, a suplementa\u00e7\u00e3o oral com vitamina C <\/span><a href=\"https:\/\/pmc.ncbi.nlm.nih.gov\/articles\/PMC10451863\/\" target=\"_blank\" rel=\"noopener\"><span style=\"font-weight: 400;\">aumentou a capacidade de elimina\u00e7\u00e3o de radicais livres da pele em 22%<\/span><\/a><span style=\"font-weight: 400;\">. Al\u00e9m disso, subst\u00e2ncias derivadas da vitamina C podem reduzir a pigmenta\u00e7\u00e3o da pele causada pela radia\u00e7\u00e3o ultravioleta e reduzir o estresse oxidativo.\u00a0<\/span><\/p>\n<h3>Aposte na prote\u00e7\u00e3o solar di\u00e1ria<\/h3>\n<p><span style=\"font-weight: 400;\">A fotoprote\u00e7\u00e3o \u00e9 uma das principais estrat\u00e9gias para reduzir os danos causados pela radia\u00e7\u00e3o UV e preservar a sa\u00fade da pele. Por isso, o <\/span><a href=\"https:\/\/www.noorskin.com.br\/blog\/protetor-solar\/\" target=\"_blank\" rel=\"noopener\"><span style=\"font-weight: 400;\">protetor solar<\/span><\/a><span style=\"font-weight: 400;\"> deve fazer parte da rotina di\u00e1ria, inclusive em dias nublados, j\u00e1 que parte da radia\u00e7\u00e3o consegue atravessar as nuvens e atingir a pele.\u00a0<\/span><\/p>\n<p><span style=\"font-weight: 400;\">Prefira produtos de amplo espectro, que ofere\u00e7am prote\u00e7\u00e3o contra os raios <\/span><a href=\"https:\/\/www.noorskin.com.br\/blog\/fps-uva-uvb\/\" target=\"_blank\" rel=\"noopener\"><span style=\"font-weight: 400;\">UVA e UVB<\/span><\/a><span style=\"font-weight: 400;\">, e lembre-se de reaplic\u00e1-los ao longo do dia, especialmente ap\u00f3s transpira\u00e7\u00e3o intensa, contato com a \u00e1gua ou exposi\u00e7\u00e3o prolongada ao sol.<\/span><\/p>\n<h2>Skincare consciente: por que o equil\u00edbrio \u00e9 mais importante do que o excesso?<\/h2>\n<p><span style=\"font-weight: 400;\">Quando o assunto \u00e9 skincare, mais produtos nem sempre significa mais benef\u00edcios. A pele possui mecanismos pr\u00f3prios de prote\u00e7\u00e3o, renova\u00e7\u00e3o e defesa, al\u00e9m de uma barreira e um microbioma que trabalham para manter seu equil\u00edbrio. Por isso, uma rotina de cuidados eficiente deve respeitar a fisiologia da pele e oferecer o suporte necess\u00e1rio para que suas fun\u00e7\u00f5es sejam preservadas.<\/span><\/p>\n<p><span style=\"font-weight: 400;\">Em vez de acumular etapas, o cuidado consciente prioriza escolhas que fa\u00e7am sentido para as necessidades individuais, com limpeza suave, hidrata\u00e7\u00e3o, prote\u00e7\u00e3o solar e ativos selecionados de forma criteriosa.<\/span><\/p>\n<p><span style=\"font-weight: 400;\">\u00c9 a partir desse olhar que a ci\u00eancia e o equil\u00edbrio podem caminhar juntos no cuidado com a pele. Na Noorskin, as formula\u00e7\u00f5es s\u00e3o desenvolvidas considerando a fisiologia da pele e a import\u00e2ncia de cuidados para preservar a sa\u00fade, a fun\u00e7\u00e3o e a apar\u00eancia ao longo do tempo.<\/span><\/p>\n<p><span style=\"font-weight: 400;\">Cuide da sua pele com ci\u00eancia e equil\u00edbrio. <\/span><a href=\"https:\/\/www.noorskin.com.br\/produtos\" target=\"_blank\" rel=\"noopener\"><span style=\"font-weight: 400;\">Conhe\u00e7a os produtos Noorskin<\/span><\/a><span style=\"font-weight: 400;\">.<\/span>[\/vc_column_text][vc_empty_space][\/vc_column][vc_column el_id=&#8221;ref&#8221;][vc_tta_accordion style=&#8221;modern&#8221; c_icon=&#8221;chevron&#8221; c_position=&#8221;right&#8221; active_section=&#8221;55&#8243; collapsible_all=&#8221;true&#8221; el_class=&#8221;acordeon-posts&#8221; el_id=&#8221;41&#8243;][vc_tta_section title=&#8221;Refer\u00eancias&#8221; tab_id=&#8221;ref-anchor&#8221; el_class=&#8221;referencias-post&#8221;][vc_column_text css=&#8221;&#8221;]<span style=\"font-weight: 400;\">FERRUCCI, L., et al. <\/span><b>Inflammageing: chronic inflammation in ageing, cardiovascular disease, and frailty.<\/b><span style=\"font-weight: 400;\"> Nat Rev Cardiol. 2018. Dispon\u00edvel em: &lt;https:\/\/pmc.ncbi.nlm.nih.gov\/articles\/PMC6146930\/&gt;. Acesso em: 5 de agosto de 2026.<\/span><\/p>\n<p><span style=\"font-weight: 400;\">PAHWA, R., et al. <\/span><b>Chronic Inflammation.<\/b><span style=\"font-weight: 400;\"> StatPearls Publishing. 2026. Dispon\u00edvel em: &lt;https:\/\/www.ncbi.nlm.nih.gov\/books\/NBK493173\/&gt;. Acesso em: 5 de agosto de 2026.<\/span><\/p>\n<p><span style=\"font-weight: 400;\">VINOY, S., et al. <\/span><b>Low-grade inflammation, diet composition and health: current research evidence and its translation.<\/b><span style=\"font-weight: 400;\"> Br J Nutr. 2015. Dispon\u00edvel em: &lt;https:\/\/pmc.ncbi.nlm.nih.gov\/articles\/PMC4579563\/&gt;. Acesso em: 5 de agosto de 2026.<\/span><\/p>\n<p><span style=\"font-weight: 400;\">NOUSHAD, S., et al. <\/span><b>Low-grade inflammation, diet composition and health: current research evidence and its translation.<\/b><span style=\"font-weight: 400;\"> Int J Health Sci (Qassim). 2021. Dispon\u00edvel em: &lt;https:\/\/pmc.ncbi.nlm.nih.gov\/articles\/PMC8434839\/&gt;. Acesso em: 5 de agosto de 2026.<\/span><\/p>\n<p><span style=\"font-weight: 400;\">PAVON, L., et al. <\/span><b>Blood-Brain Barrier Disruption Induced by Chronic Sleep Loss: Low-Grade Inflammation May Be the Link.<\/b><span style=\"font-weight: 400;\"> J Immunol Res. 2016. Dispon\u00edvel em: &lt;https:\/\/pmc.ncbi.nlm.nih.gov\/articles\/PMC5050358\/&gt;. Acesso em: 5 de agosto de 2026.<\/span><\/p>\n<p><span style=\"font-weight: 400;\">WU, X., et al. <\/span><b>Sedentary behavior is associated with systemic immune-inflammation index and systemic inflammation response index levels: a cross-sectional analysis of the NHANES 2011\u20132018.<\/b><span style=\"font-weight: 400;\"> Front Public Health. 2025. Dispon\u00edvel em: &lt;https:\/\/pmc.ncbi.nlm.nih.gov\/articles\/PMC11961409\/&gt;. Acesso em: 5 de agosto de 2026.<\/span><\/p>\n<p><span style=\"font-weight: 400;\">GERALDO, JM., et al. <\/span><b>Papel da dieta na preven\u00e7\u00e3o e no controle da inflama\u00e7\u00e3o cr\u00f4nica: evid\u00eancias atuais.<\/b><span style=\"font-weight: 400;\"> Arq Bras Endocrinol Metab. 2008. Dispon\u00edvel em: &lt;https:\/\/www.scielo.br\/j\/abem\/a\/dbcRC5BMRDdfBJmMc6LvB6G\/?lang=pt&gt;. Acesso em: 5 de agosto de 2026.<\/span><\/p>\n<p><span style=\"font-weight: 400;\">PILKINGTON, S., et al. <\/span><b>Inflammaging and the Skin.<\/b><span style=\"font-weight: 400;\"> Journal of Investigative Dermatology. 2020. Dispon\u00edvel em: &lt;https:\/\/www.jidonline.org\/article\/S0022-202X(20)32294-6\/fulltext&gt;. Acesso em: 5 de agosto de 2026.<\/span><\/p>\n<p><span style=\"font-weight: 400;\">NOWICKA, D., et al. <\/span><b>Inflammaging and Immunosenescence as Part of Skin Aging\u2014A Narrative Review.<\/b><span style=\"font-weight: 400;\"> Int J Mol Sci. 2023. Dispon\u00edvel em: &lt;https:\/\/pmc.ncbi.nlm.nih.gov\/articles\/PMC10178737\/&gt;. Acesso em: 5 de agosto de 2026.<\/span><\/p>\n<p><span style=\"font-weight: 400;\">KRUTMANN, J., et al. <\/span><b>The skin aging exposome.<\/b><span style=\"font-weight: 400;\"> Journal of Dermatological Science. 2016. Dispon\u00edvel em: &lt;https:\/\/www.jdsjournal.com\/article\/S0923-1811(16)30816-7\/fulltext&gt;. Acesso em: 5 de agosto de 2026.<\/span><\/p>\n<p><span style=\"font-weight: 400;\">RODRIGUEZ, D., et al. <\/span><b>Evidence-Based Utility of Adjunct Antioxidant Supplementation for the Prevention and Treatment of Dermatologic Diseases: A Comprehensive Systematic Review.<\/b><span style=\"font-weight: 400;\"> Antioxidants (Basel). 2023. Dispon\u00edvel em: &lt;https:\/\/pmc.ncbi.nlm.nih.gov\/articles\/PMC10451863\/&gt;. Acesso em: 5 de agosto de 2026.<\/span><\/p>\n<p><span style=\"font-weight: 400;\">L\u00c9GER, D., et al. <\/span><b>\u201cYou look sleepy\u2026\u201d The impact of sleep restriction on skin parameters and facial appearance of 24 women.<\/b><span style=\"font-weight: 400;\"> Sleep Medicine. 2022. Dispon\u00edvel em: &lt;https:\/\/www.sciencedirect.com\/science\/article\/pii\/S1389945721005761&gt;. Acesso em: 5 de agosto de 2026.<\/span>[\/vc_column_text][vc_column_text css=&#8221;&#8221;][\/vc_column_text][\/vc_tta_section][\/vc_tta_accordion][\/vc_column][\/vc_row][vc_row el_id=&#8221;bloco-produtos&#8221;][vc_column][vc_basic_grid post_type=&#8221;product&#8221; max_items=&#8221;4&#8243; element_width=&#8221;3&#8243; gap=&#8221;15&#8243; orderby=&#8221;title&#8221; item=&#8221;2842&#8243; css=&#8221;&#8221; grid_id=&#8221;vc_gid:1788463833291-5e062d0a-b255-8&#8243; el_class=&#8221;post-grid-produtos&#8221; taxonomies=&#8221;55, 54, 74&#8243;][\/vc_column][\/vc_row]<\/p>\n<\/div>","protected":false},"excerpt":{"rendered":"<p>Nem tudo o que acelera o envelhecimento da pele \u00e9 vis\u00edvel. O inflammaging acontece de forma silenciosa e ajuda a explicar como processos internos e fatores ambientais podem influenciar a sa\u00fade da pele ao longo dos anos.<\/p>\n","protected":false},"author":16,"featured_media":6732,"comment_status":"closed","ping_status":"closed","sticky":false,"template":"","format":"standard","meta":{"inline_featured_image":false,"footnotes":""},"categories":[59,1,60],"tags":[10,14,17,21],"class_list":["post-6729","post","type-post","status-publish","format-standard","has-post-thumbnail","hentry","category-mind","category-latest-posts","category-skin","tag-fashion","tag-lifestyle","tag-news","tag-style"],"_links":{"self":[{"href":"https:\/\/www.noorskin.com.br\/blog\/wp-json\/wp\/v2\/posts\/6729","targetHints":{"allow":["GET"]}}],"collection":[{"href":"https:\/\/www.noorskin.com.br\/blog\/wp-json\/wp\/v2\/posts"}],"about":[{"href":"https:\/\/www.noorskin.com.br\/blog\/wp-json\/wp\/v2\/types\/post"}],"author":[{"embeddable":true,"href":"https:\/\/www.noorskin.com.br\/blog\/wp-json\/wp\/v2\/users\/16"}],"replies":[{"embeddable":true,"href":"https:\/\/www.noorskin.com.br\/blog\/wp-json\/wp\/v2\/comments?post=6729"}],"version-history":[{"count":5,"href":"https:\/\/www.noorskin.com.br\/blog\/wp-json\/wp\/v2\/posts\/6729\/revisions"}],"predecessor-version":[{"id":6735,"href":"https:\/\/www.noorskin.com.br\/blog\/wp-json\/wp\/v2\/posts\/6729\/revisions\/6735"}],"wp:featuredmedia":[{"embeddable":true,"href":"https:\/\/www.noorskin.com.br\/blog\/wp-json\/wp\/v2\/media\/6732"}],"wp:attachment":[{"href":"https:\/\/www.noorskin.com.br\/blog\/wp-json\/wp\/v2\/media?parent=6729"}],"wp:term":[{"taxonomy":"category","embeddable":true,"href":"https:\/\/www.noorskin.com.br\/blog\/wp-json\/wp\/v2\/categories?post=6729"},{"taxonomy":"post_tag","embeddable":true,"href":"https:\/\/www.noorskin.com.br\/blog\/wp-json\/wp\/v2\/tags?post=6729"}],"curies":[{"name":"wp","href":"https:\/\/api.w.org\/{rel}","templated":true}]}}